{"id":79111,"date":"2020-03-15T04:53:44","date_gmt":"2020-03-15T08:53:44","guid":{"rendered":"https:\/\/linitiative.ca\/International\/la-province-de-chichaoua-fete-ses-femmes\/"},"modified":"2020-03-15T04:53:44","modified_gmt":"2020-03-15T08:53:44","slug":"la-province-de-chichaoua-fete-ses-femmes","status":"publish","type":"post","link":"https:\/\/linitiative.ca\/International\/la-province-de-chichaoua-fete-ses-femmes\/","title":{"rendered":"La province de Chichaoua f\u00eate ses femmes"},"content":{"rendered":"<div readability=\"37\">\n<p>Chichaoua \u2013 Une c\u00e9r\u00e9monie en hommage \u00e0 la gent f\u00e9minine a \u00e9t\u00e9 organis\u00e9e, vendredi, au profit des femmes fonctionnaires de la pr\u00e9fecture de la province de Chichaoua et ce, \u00e0 l\u2019occasion de la Journ\u00e9e Internationale de la Femme.<\/p>\n<\/div>\n<div readability=\"68\">\n<p>Lors de cette c\u00e9r\u00e9monie marqu\u00e9e par la pr\u00e9sence notamment du gouverneur de la province de Chichaoua, Bouabid El Guerrab, plusieurs femmes issues de diff\u00e9rents services relevant de la pr\u00e9fecture ont livr\u00e9 des t\u00e9moignages sur leurs exp\u00e9riences professionnelles, \u00e9mettant le voeu de voir la femme marocaine b\u00e9n\u00e9ficier de davantage d\u2019acquis.<\/p>\n<p>Dans une allocution de circonstance, M. El Guerrab a fait savoir que cette c\u00e9r\u00e9monie se veut une occasion collective de se rem\u00e9morer l\u2019int\u00e9r\u00eat tout particulier que Sa Majest\u00e9 le Roi Mohammed VI ne cesse d\u2019accorder \u00e0 la femme marocaine, ainsi que les diff\u00e9rentes initiatives Royales prises en faveur de la gent f\u00e9minine en vue d\u2019une meilleure insertion dans la vie sociale en g\u00e9n\u00e9ral, comme dans les domaines de l\u2019entreprise et de la politique.<\/p>\n<p>Et d\u2019ajouter que la femme jouit actuellement d\u2019une place distingu\u00e9e au sein de la soci\u00e9t\u00e9 marocaine, outre le fait qu\u2019elle a pu acc\u00e9der \u00e0 de hauts postes de responsabilit\u00e9 et de prise de d\u00e9cisions, ce qui, a-t-il dit, t\u00e9moigne de sa comp\u00e9tence et de sa capacit\u00e9 \u00e0 faire montre de leadership dans diff\u00e9rents domaines professionnels.<\/p>\n<p>Par la m\u00eame occasion, M. El Guerrab a fait part de sa gratitude et de sa reconnaissance \u00e0 toutes les femmes fonctionnaires de la pr\u00e9fecture pour leur engagement sans faille et les sacrifices consentis en vue d\u2019offrir des prestations de qualit\u00e9 en faveur des citoyens.<\/p>\n<p>Lors de cette c\u00e9r\u00e9monie organis\u00e9e par l\u2019Association des Oeuvres Sociales des fonctionnaires de la pr\u00e9fecture de Chichaoua, un hommage a \u00e9t\u00e9 rendu \u00e0 des femmes fonctionnaires au sein du Secr\u00e9tariat G\u00e9n\u00e9ral de la pr\u00e9fecture et ce, en signe de reconnaissance de leurs efforts et des sacrifices consentis tout au long de leurs parcours professionnels, outre la remise \u00e0 leur profit de pr\u00e9sents.<\/p>\n<\/div>\n<p>Auteur: Mohammed KOURSI<br \/>\n<a href=\"http:\/\/www.mapmarrakech.ma\/fr\/la-province-de-chichaoua-fete-ses-femmes\/\">Cliquez ici pour lire l&rsquo;article depuis sa source.<\/a><\/p>\n","protected":false},"excerpt":{"rendered":"<p>Chichaoua \u2013 Une c\u00e9r\u00e9monie en hommage \u00e0 la gent f\u00e9minine a \u00e9t\u00e9 organis\u00e9e, vendredi, au profit des femmes fonctionnaires de la pr\u00e9fecture de la province de Chichaoua et ce, \u00e0 l\u2019occasion de la Journ\u00e9e Internationale de la Femme. Lors de cette c\u00e9r\u00e9monie marqu\u00e9e par la pr\u00e9sence notamment du gouverneur de la province de Chichaoua, Bouabid [&hellip;]<\/p>\n","protected":false},"author":1788,"featured_media":0,"comment_status":"closed","ping_status":"closed","sticky":false,"template":"","format":"standard","meta":{"fifu_image_url":"","fifu_image_alt":"","footnotes":""},"categories":[54,76],"tags":[],"class_list":["post-79111","post","type-post","status-publish","format-standard","hentry","category-maroc","category-regions"],"_links":{"self":[{"href":"https:\/\/linitiative.ca\/International\/wp-json\/wp\/v2\/posts\/79111","targetHints":{"allow":["GET"]}}],"collection":[{"href":"https:\/\/linitiative.ca\/International\/wp-json\/wp\/v2\/posts"}],"about":[{"href":"https:\/\/linitiative.ca\/International\/wp-json\/wp\/v2\/types\/post"}],"author":[{"embeddable":true,"href":"https:\/\/linitiative.ca\/International\/wp-json\/wp\/v2\/users\/1788"}],"replies":[{"embeddable":true,"href":"https:\/\/linitiative.ca\/International\/wp-json\/wp\/v2\/comments?post=79111"}],"version-history":[{"count":0,"href":"https:\/\/linitiative.ca\/International\/wp-json\/wp\/v2\/posts\/79111\/revisions"}],"wp:attachment":[{"href":"https:\/\/linitiative.ca\/International\/wp-json\/wp\/v2\/media?parent=79111"}],"wp:term":[{"taxonomy":"category","embeddable":true,"href":"https:\/\/linitiative.ca\/International\/wp-json\/wp\/v2\/categories?post=79111"},{"taxonomy":"post_tag","embeddable":true,"href":"https:\/\/linitiative.ca\/International\/wp-json\/wp\/v2\/tags?post=79111"}],"curies":[{"name":"wp","href":"https:\/\/api.w.org\/{rel}","templated":true}]}}