{"id":79125,"date":"2020-03-15T15:10:55","date_gmt":"2020-03-15T19:10:55","guid":{"rendered":"https:\/\/linitiative.ca\/International\/ligue-1-2-mca-3-ncm%e2%80%882-almas-present-a-baraki-pour-soutenir-les-u19\/"},"modified":"2020-03-15T15:10:55","modified_gmt":"2020-03-15T19:10:55","slug":"ligue-1-2-mca-3-ncm%e2%80%882-almas-present-a-baraki-pour-soutenir-les-u19","status":"publish","type":"post","link":"https:\/\/linitiative.ca\/International\/ligue-1-2-mca-3-ncm%e2%80%882-almas-present-a-baraki-pour-soutenir-les-u19\/","title":{"rendered":"Ligue 1 &amp; 2 : MCA 3 &#8211; NCM\u20082 : Almas pr\u00e9sent \u00e0 Baraki pour soutenir les U19"},"content":{"rendered":"<div readability=\"32\">\n<p>Auteur : <span>T. Che<\/span> <span class=\"time\">dimanche 15 mars 2020 11:50<\/span><\/p>\n<\/div>\n<div id=\"post_core\" readability=\"129\">\n<p>Le pr\u00e9sident du CA, Nacer Almas, \u00e9tait pr\u00e9sent hier matin au stade de , afin de suivre le quart de finale de Coupe d\u2019Alg\u00e9rie entre les U19 du Mouloudia et ceux de l\u2019ES Guelma. Le boss alg\u00e9rois a c\u00e9l\u00e9br\u00e9 bien \u00e9videmment la qualification avec les jeunes du Doyen. Almas a suivi par la suite avec int\u00e9r\u00eat l\u2019affiche des U14 contre le MOB, toujours \u00e0 Baraki.\u00a0\u00a0\u00a0 \u00a0<\/p>\n<p><strong>Les U19 se qualifient pour les demi-finales face \u00e0 l\u2019ESG<\/strong><br \/>Les U19 du Mouloudia n\u2019ont pas fait hier dans la demi-mesure en battant l\u2019\u00e9quipe de l\u2019ESG \u00e0 Baraki en quarts de finale de la Coupe d\u2019Alg\u00e9rie. Les jeunes Mouloud\u00e9ens se sont impos\u00e9s (3-0) compostant ainsi leur billet pour les demi-finales, pour la premi\u00e8re fois depuis belle lurette. \u00a0<br \/><strong>Nech fait sensation avec un tripl\u00e9 et Rahmani s\u2019illustre<\/strong><br \/>Lors de ce quart de finale de coupe, Hossam Nech a fait sensation en signant un tripl\u00e9 qui a permis \u00e0 son \u00e9quipe de se qualifier. Aymen Rahmani s\u2019est lui aussi illustr\u00e9 en distillant une passe d\u00e9cisive sur l\u2019ouverture du score.\u00a0 \u00a0<br \/><strong>Le MCA jouera le RCA en demi-finale<\/strong><br \/>Les U19 du Mouloudia devront affronter en demi-finales l\u2019\u00e9quipe du RCA. Ce sera un match choc face \u00e0 un adversaire tr\u00e8s coriace qui s\u2019est qualifi\u00e9 dans la douleur face \u00e0 T\u00e9mouchent aux tirs au but. \u00a0<\/p>\n<p><strong>Les U14 s\u2019imposent face au MOB \u00a0<\/strong><br \/>Les U14 du MCA se sont inspir\u00e9s de leurs a\u00een\u00e9s pour battre, hier, l\u2019\u00e9quipe du MOB dans le championnat de la cat\u00e9gorie. Deux buts sign\u00e9s Mostefaoui auront suffi au bonheur des jeunes Mouloud\u00e9ens qui se sont impos\u00e9s (2-1).<br \/>\u00a0<\/p>\n<p><strong>Casoni r\u00e9pond a Almas et Belkhiri<br \/>\u00abArr\u00eatez de mentir aux supporters !\u00bb \u00a0<\/strong><\/p>\n<p>Se trouvant actuellement sur l\u2019Ile-de-Beaut\u00e9, Bernard Casoni a d\u00e9cid\u00e9 de monter au cr\u00e9neau, afin de se d\u00e9fendre face aux critiques des dirigeants du Mouloudia. Le coach fran\u00e7ais refuse ce r\u00f4le de moraliste que veulent endosser les responsables alg\u00e9rois. \u00abLes dirigeants du Mouloudia m\u2019ont accus\u00e9 d\u2019avoir manqu\u00e9 de respect \u00e0 la FAF et au Mouloudia. Que les dirigeants du Mouloudia sachent que je suis venu \u00e0 Alger uniquement par respect au club. J\u2019aurais pu refuser, surtout que le pr\u00e9sident Almas m\u2019a fait la m\u00eame proposition que Betrouni. J\u2019\u00e9tais en droit de refuser cette proposition. On aurait pu me le dire par t\u00e9l\u00e9phone et j\u2019aurais bien \u00e9videmment refus\u00e9\u00bb, dira Casoni.<\/p>\n<p><strong>\u00abJe ne me suis pas rendu \u00e0 la FAF parce qu\u2019elle a le m\u00eame dossier que j\u2019ai remis \u00e0 la FIFA\u00bb<\/strong><br \/>A propos de son refus de se rendre au si\u00e8ge de la FAF pour discuter avec certains membres de l\u2019instance du football, Casoni nous r\u00e9pond avec franchise : \u00abEcoutez, je n\u2019ai jamais manqu\u00e9 de respect \u00e0 la FAF. Je n\u2019ai pas voulu me rendre au si\u00e8ge de la f\u00e9d\u00e9ration pour la simple raison que je n\u2019avais pas \u00e0 le faire. Et pour cause, j\u2019ai remis \u00e0 la FAF le m\u00eame dossier que celui qui est actuellement \u00e0 la FIFA. Moi, je suis venu \u00e0 Alger pour rencontrer les dirigeants du Mouloudia et pour savoir ce qu\u2019ils allaient me proposer tout simplement.\u00bb<\/p>\n<p><strong>\u00abLa direction n\u2019est pas \u00e0 la hauteur du public mouloud\u00e9en\u00bb\u00a0\u00a0 \u00a0<\/strong><br \/>Tr\u00e8s remont\u00e9, Casoni estime que les dirigeants du club bercent souvent les supporters de faux espoirs et de mensonges alors qu\u2019il a toujours opt\u00e9 pour un langage clair avec les supporters qu\u2019il consid\u00e8re comme le poumon du club. \u00abJe tiens \u00e0 dire aux dirigeants du Mouloudia d\u2019arr\u00eater de mentir aux Chnaoua. Ils bercent les fans de faux espoirs alors que moi j\u2019ai toujours \u00e9t\u00e9 tr\u00e8s clair avec eux. La force du Mouloudia, c\u2019est les supporters qui sont le poumon de ce grand club. Malheureusement, la direction n\u2019est pas \u00e0 la hauteur de ce merveilleux public.\u00a0 C\u2019est malheureux et dommage car le Mouloudia a tout pour \u00eatre un grand club au niveau continental.\u00bb<\/p>\n<p><strong>\u00abEn me faisant venir \u00e0 Alger, on a voulu m\u2019utiliser pour obtenir les licences\u00bb<\/strong><br \/>Toujours \u00e0 propos de ce passage \u00e0 Alger, Casoni estime qu\u2019il n\u2019est pas dupe et qu\u2019il a \u00e9t\u00e9 utilis\u00e9 pour l\u2019obtention des licences. \u00abEcoutez, je ne suis pas dupe. On m\u2019a fait venir \u00e0 Alger car on a voulu m\u2019utiliser pour gagner une l\u00e9gitimit\u00e9 et obtenir ainsi les licences au niveau de la FAF pour le staff technique. N\u2019\u00e9tait ce probl\u00e8me, jamais le club ne m\u2019aurait pay\u00e9 mes trois mois de salaire. C\u2019est une certitude. Je ne permettrai \u00e0 personne de ternir mon image en me d\u00e9nigrant aupr\u00e8s des supporters\u00bb, nous a confi\u00e9 Casoni qui a tenu \u00e0 mettre les points sur les \u00abi\u00bb.<\/p>\n<p><strong>\u00abSi on avait fait un petit effort, j\u2019aurais peut-\u00eatre accept\u00e9\u00bb<\/strong><br \/>Avant de conclure, le champion d\u2019Europe avec l\u2019OM affirme qu\u2019il a toujours gard\u00e9 la porte ouverte malgr\u00e9 l\u2019ent\u00eatement des dirigeants mouloud\u00e9ens. \u00abJe tiens \u00e0 dire que si les dirigeants du club avaient fait un petit effort, j\u2019aurais peut-\u00eatre accept\u00e9. J\u2019aurais en tout cas r\u00e9fl\u00e9chi. Mais avec les trois mois, c\u2019\u00e9tait impossible\u00bb, a conclu l\u2019ancien international fran\u00e7ais.\u00a0\u00a0\u00a0 \u00a0<br \/>\u00a0<\/p>\n<p><strong>Le match en retard face au PAC aura lieu le 26 mars<\/strong><br \/>C\u2019est d\u00e9sormais officiel, le Mouloudia disputera son match en retard face au Paradou, le jeudi 26 mars prochain au stade du 5-Juillet. Le coup d\u2019envoi de cette affiche sera donn\u00e9 \u00e0 16 h.<\/p>\n<p><strong>Le Doyen jouera les 2 et 9 avril le NAHD et l\u2019USB\u00a0 \u00a0<\/strong><br \/>Par ailleurs, le Mouloudia aura le 2 avril prochain le Nasria au menu, pour le compte de la 23e journ\u00e9e du championnat. Un match qui devrait se d\u00e9rouler au stade du 20-Ao\u00fbt. Une semaine plus tard, soit le 9 avril, le MCA recevra au stade olympique l\u2019\u00e9quipe de l\u2019US Biskra.<\/p>\n<p><strong>Le Classico JSK- MCA, le 18 avril prochain<\/strong><br \/>Pour ce qui est du Classico qui constituera le grand choc de la 25e journ\u00e9e du championnat, les joueurs du MCA se rendront le 18 avril au stade du 1er-Novembre de Tizi-Ouzou afin de croiser le fer avec les Canaris.<\/p>\n<p><strong>La r\u00e9ception de l\u2019ASO le 25 avril au 5-Juillet<\/strong><br \/>Juste avant le mois sacr\u00e9 de Ramadhan, le MCA recevra l\u2019ASO au stade olympique, pour le compte de la 26e journ\u00e9e du championnat de Ligue 1. Une rencontre qui se jouera le mercredi 25 avril. \u00a0<br \/>\u00a0<\/p>\n<p><strong>Publi\u00e9 dans :<\/strong> <span>Casoni<\/span> <span>Belkhiri<\/span> <span>MCA 3 &#8211; NCM\u20082 : Almas<\/span><\/p>\n<\/div>\n<p>Auteur:<br \/>\n<a href=\"http:\/\/www.lebuteur.com\/article\/detail?titre=mca-3-ncm%E2%80%882-almas-present-a-baraki-pour-soutenir-les-u19&#038;id=95295&#038;utm_source=feedburner&#038;utm_medium=feed&#038;utm_campaign=Feed%3A+GalerieFArtciles+%28Les+derniers+articles++-+lebuteur.com%29\">Cliquez ici pour lire l&rsquo;article depuis sa source.<\/a><\/p>\n","protected":false},"excerpt":{"rendered":"<p>Auteur : T. Che dimanche 15 mars 2020 11:50 Le pr\u00e9sident du CA, Nacer Almas, \u00e9tait pr\u00e9sent hier matin au stade de , afin de suivre le quart de finale de Coupe d\u2019Alg\u00e9rie entre les U19 du Mouloudia et ceux de l\u2019ES Guelma. Le boss alg\u00e9rois a c\u00e9l\u00e9br\u00e9 bien \u00e9videmment la qualification avec les jeunes [&hellip;]<\/p>\n","protected":false},"author":1738,"featured_media":79126,"comment_status":"closed","ping_status":"closed","sticky":false,"template":"","format":"standard","meta":{"fifu_image_url":"","fifu_image_alt":"","footnotes":""},"categories":[53,75],"tags":[],"class_list":["post-79125","post","type-post","status-publish","format-standard","has-post-thumbnail","hentry","category-algerie","category-sport"],"_links":{"self":[{"href":"https:\/\/linitiative.ca\/International\/wp-json\/wp\/v2\/posts\/79125","targetHints":{"allow":["GET"]}}],"collection":[{"href":"https:\/\/linitiative.ca\/International\/wp-json\/wp\/v2\/posts"}],"about":[{"href":"https:\/\/linitiative.ca\/International\/wp-json\/wp\/v2\/types\/post"}],"author":[{"embeddable":true,"href":"https:\/\/linitiative.ca\/International\/wp-json\/wp\/v2\/users\/1738"}],"replies":[{"embeddable":true,"href":"https:\/\/linitiative.ca\/International\/wp-json\/wp\/v2\/comments?post=79125"}],"version-history":[{"count":0,"href":"https:\/\/linitiative.ca\/International\/wp-json\/wp\/v2\/posts\/79125\/revisions"}],"wp:featuredmedia":[{"embeddable":true,"href":"https:\/\/linitiative.ca\/International\/wp-json\/"}],"wp:attachment":[{"href":"https:\/\/linitiative.ca\/International\/wp-json\/wp\/v2\/media?parent=79125"}],"wp:term":[{"taxonomy":"category","embeddable":true,"href":"https:\/\/linitiative.ca\/International\/wp-json\/wp\/v2\/categories?post=79125"},{"taxonomy":"post_tag","embeddable":true,"href":"https:\/\/linitiative.ca\/International\/wp-json\/wp\/v2\/tags?post=79125"}],"curies":[{"name":"wp","href":"https:\/\/api.w.org\/{rel}","templated":true}]}}