{"id":79129,"date":"2020-03-15T15:11:01","date_gmt":"2020-03-15T19:11:01","guid":{"rendered":"https:\/\/linitiative.ca\/International\/international-real-une-offre-importante-en-preparation-pour-sadio-mane\/"},"modified":"2020-03-15T15:11:01","modified_gmt":"2020-03-15T19:11:01","slug":"international-real-une-offre-importante-en-preparation-pour-sadio-mane","status":"publish","type":"post","link":"https:\/\/linitiative.ca\/International\/international-real-une-offre-importante-en-preparation-pour-sadio-mane\/","title":{"rendered":"International : Real : Une offre importante en pr\u00e9paration pour Sadio Man\u00e9 ?"},"content":{"rendered":"<div readability=\"32\">\n<p>Auteur : <span class=\"time\">dimanche 15 mars 2020 12:01<\/span><\/p>\n<\/div>\n<div id=\"post_core\" readability=\"41\">\n<p>D&rsquo;apr\u00e8s une indiscr\u00e9tion du quotidien ib\u00e9rique &lsquo;ElDesmarque&rsquo;, Sadio Man\u00e9 pourrait quitter les Reds lors de la prochaine fen\u00eatre des transferts. La d\u00e9ception suite \u00e0 l&rsquo;\u00e9limination en Ligue des champions motiverait l&rsquo;ailier s\u00e9n\u00e9galais selon cette source que rapporte Goal.<\/p>\n<p>Man\u00e9 a inscrit 18 buts et 12 passes d\u00e9cisives cette saison en 38 rencontres disput\u00e9es toutes comp\u00e9titions confondues avec Liverpool vaudrait 140 millions d&rsquo;euros. Il s&rsquo;agirait de son \u00e9valuation par la cellule de recrutement du Real.<\/p>\n<p><strong>Publi\u00e9 dans :<\/strong> <span>real madrid<\/span><\/p>\n<\/div>\n<p>Auteur:<br \/>\n<a href=\"http:\/\/www.lebuteur.com\/article\/detail?titre=real-une-offre-importante-en-preparation-pour-sadio-mane&#038;id=95301&#038;utm_source=feedburner&#038;utm_medium=feed&#038;utm_campaign=Feed%3A+GalerieFArtciles+%28Les+derniers+articles++-+lebuteur.com%29\">Cliquez ici pour lire l&rsquo;article depuis sa source.<\/a><\/p>\n","protected":false},"excerpt":{"rendered":"<p>Auteur : dimanche 15 mars 2020 12:01 D&rsquo;apr\u00e8s une indiscr\u00e9tion du quotidien ib\u00e9rique &lsquo;ElDesmarque&rsquo;, Sadio Man\u00e9 pourrait quitter les Reds lors de la prochaine fen\u00eatre des transferts. La d\u00e9ception suite \u00e0 l&rsquo;\u00e9limination en Ligue des champions motiverait l&rsquo;ailier s\u00e9n\u00e9galais selon cette source que rapporte Goal. Man\u00e9 a inscrit 18 buts et 12 passes d\u00e9cisives cette [&hellip;]<\/p>\n","protected":false},"author":1738,"featured_media":79130,"comment_status":"closed","ping_status":"closed","sticky":false,"template":"","format":"standard","meta":{"fifu_image_url":"","fifu_image_alt":"","footnotes":""},"categories":[53,75],"tags":[],"class_list":["post-79129","post","type-post","status-publish","format-standard","has-post-thumbnail","hentry","category-algerie","category-sport"],"_links":{"self":[{"href":"https:\/\/linitiative.ca\/International\/wp-json\/wp\/v2\/posts\/79129","targetHints":{"allow":["GET"]}}],"collection":[{"href":"https:\/\/linitiative.ca\/International\/wp-json\/wp\/v2\/posts"}],"about":[{"href":"https:\/\/linitiative.ca\/International\/wp-json\/wp\/v2\/types\/post"}],"author":[{"embeddable":true,"href":"https:\/\/linitiative.ca\/International\/wp-json\/wp\/v2\/users\/1738"}],"replies":[{"embeddable":true,"href":"https:\/\/linitiative.ca\/International\/wp-json\/wp\/v2\/comments?post=79129"}],"version-history":[{"count":0,"href":"https:\/\/linitiative.ca\/International\/wp-json\/wp\/v2\/posts\/79129\/revisions"}],"wp:featuredmedia":[{"embeddable":true,"href":"https:\/\/linitiative.ca\/International\/wp-json\/"}],"wp:attachment":[{"href":"https:\/\/linitiative.ca\/International\/wp-json\/wp\/v2\/media?parent=79129"}],"wp:term":[{"taxonomy":"category","embeddable":true,"href":"https:\/\/linitiative.ca\/International\/wp-json\/wp\/v2\/categories?post=79129"},{"taxonomy":"post_tag","embeddable":true,"href":"https:\/\/linitiative.ca\/International\/wp-json\/wp\/v2\/tags?post=79129"}],"curies":[{"name":"wp","href":"https:\/\/api.w.org\/{rel}","templated":true}]}}