{"id":79131,"date":"2020-03-14T19:00:00","date_gmt":"2020-03-14T23:00:00","guid":{"rendered":"https:\/\/linitiative.ca\/International\/lutte-contre-le-coronavirus-le-premier-ministre-invite-aujourdhui-de-la-chaine-3\/"},"modified":"2020-03-14T19:00:00","modified_gmt":"2020-03-14T23:00:00","slug":"lutte-contre-le-coronavirus-le-premier-ministre-invite-aujourdhui-de-la-chaine-3","status":"publish","type":"post","link":"https:\/\/linitiative.ca\/International\/lutte-contre-le-coronavirus-le-premier-ministre-invite-aujourdhui-de-la-chaine-3\/","title":{"rendered":"Lutte contre le coronavirus   : Le Premier ministre invit\u00e9 aujourd&rsquo;hui de la Chaine 3"},"content":{"rendered":"<p>Le Premier ministre, Abdelaziz Djerad, sera, aujourd&rsquo;hui, l&rsquo;invit\u00e9 de la Cha\u00eene 3 de la Radio nationale, pour \u00e9voquer les mesures prises par le gouvernement pour faire face \u00e0 la propagation du coronavirus (covid-19). Le Premier ministre avait proc\u00e9d\u00e9, en compagnie du ministre de la Sant\u00e9, de la Population et de la R\u00e9forme hospitali\u00e8re, Abderahmane Benbouzid, \u00e0 l&rsquo;inauguration \u00e0 Blida d&rsquo;un centre de confinement sanitaire au niveau du CHU Frantz-Fanon.<br \/>Selon le dernier bilan du minist\u00e8re de la Sant\u00e9, 10 nouveaux cas du coronavirus ont \u00e9t\u00e9 enregistr\u00e9s, portant \u00e0 37 le nombre de cas confirm\u00e9s.<br \/>Le gouvernement a d\u00e9cid\u00e9, outre le montant estim\u00e9 \u00e0 3,7 milliards de DA allou\u00e9 pour faire face aux d\u00e9veloppements de la situation, plusieurs mesures pr\u00e9ventives afin d&rsquo;\u00e9viter la propagation du coronavirus qui prend des proportions alarmantes dans plusieurs pays.<\/p>\n<p>Auteur: elmoudjahid<br \/>\n<a href=\"http:\/\/www.elmoudjahid.com\/fr\/actualites\/149868\">Cliquez ici pour lire l&rsquo;article depuis sa source.<\/a><\/p>\n","protected":false},"excerpt":{"rendered":"<p>Le Premier ministre, Abdelaziz Djerad, sera, aujourd&rsquo;hui, l&rsquo;invit\u00e9 de la Cha\u00eene 3 de la Radio nationale, pour \u00e9voquer les mesures prises par le gouvernement pour faire face \u00e0 la propagation du coronavirus (covid-19). Le Premier ministre avait proc\u00e9d\u00e9, en compagnie du ministre de la Sant\u00e9, de la Population et de la R\u00e9forme hospitali\u00e8re, Abderahmane Benbouzid, [&hellip;]<\/p>\n","protected":false},"author":1744,"featured_media":0,"comment_status":"closed","ping_status":"closed","sticky":false,"template":"","format":"standard","meta":{"fifu_image_url":"","fifu_image_alt":"","footnotes":""},"categories":[73,53],"tags":[],"class_list":["post-79131","post","type-post","status-publish","format-standard","hentry","category-actualite","category-algerie"],"_links":{"self":[{"href":"https:\/\/linitiative.ca\/International\/wp-json\/wp\/v2\/posts\/79131","targetHints":{"allow":["GET"]}}],"collection":[{"href":"https:\/\/linitiative.ca\/International\/wp-json\/wp\/v2\/posts"}],"about":[{"href":"https:\/\/linitiative.ca\/International\/wp-json\/wp\/v2\/types\/post"}],"author":[{"embeddable":true,"href":"https:\/\/linitiative.ca\/International\/wp-json\/wp\/v2\/users\/1744"}],"replies":[{"embeddable":true,"href":"https:\/\/linitiative.ca\/International\/wp-json\/wp\/v2\/comments?post=79131"}],"version-history":[{"count":0,"href":"https:\/\/linitiative.ca\/International\/wp-json\/wp\/v2\/posts\/79131\/revisions"}],"wp:attachment":[{"href":"https:\/\/linitiative.ca\/International\/wp-json\/wp\/v2\/media?parent=79131"}],"wp:term":[{"taxonomy":"category","embeddable":true,"href":"https:\/\/linitiative.ca\/International\/wp-json\/wp\/v2\/categories?post=79131"},{"taxonomy":"post_tag","embeddable":true,"href":"https:\/\/linitiative.ca\/International\/wp-json\/wp\/v2\/tags?post=79131"}],"curies":[{"name":"wp","href":"https:\/\/api.w.org\/{rel}","templated":true}]}}