{"id":79132,"date":"2020-03-14T19:00:00","date_gmt":"2020-03-14T23:00:00","guid":{"rendered":"https:\/\/linitiative.ca\/International\/lutte-contre-le-coronavirus-m-djerad-appelle-les-algeriens-a-la-prudence\/"},"modified":"2020-03-14T19:00:00","modified_gmt":"2020-03-14T23:00:00","slug":"lutte-contre-le-coronavirus-m-djerad-appelle-les-algeriens-a-la-prudence","status":"publish","type":"post","link":"https:\/\/linitiative.ca\/International\/lutte-contre-le-coronavirus-m-djerad-appelle-les-algeriens-a-la-prudence\/","title":{"rendered":"Lutte contre le Coronavirus : M. Djerad appelle les Alg\u00e9riens \u00e0 la prudence"},"content":{"rendered":"<p>Le Premier ministre, Abdelaziz Djerad, a appel\u00e9 samedi depuis Blida, les Alg\u00e9riens \u00e0 faire preuve de vigilance et de prudence pour \u00e9viter la propagation du Coronavirus (Covid-19). \u00abNous demandons aux citoyennes et citoyens d&rsquo;\u00eatre conscients, vigilants et de pr\u00e9server leur sant\u00e9 et celle de leurs enfants\u00bb, a indiqu\u00e9 le Premier ministre qui supervisait l&rsquo;ouverture d&rsquo;un nouveau service d\u00e9di\u00e9 \u00e0 la mise en quarantaine des malades potentiels atteints du Coronavirus, accompagn\u00e9 du ministre de la Sant\u00e9, de la Population et de la R\u00e9forme hospitali\u00e8re, Abderrahmane Benbouzid.<br \/>\u00abLes cours n&rsquo;ont pas \u00e9t\u00e9 suspendus dans les \u00e9coles pour que les enfants sortent dans la rue, les places publiques et les jardins, ils doivent rester chez-eux et poursuivre les efforts en mati\u00e8re d&rsquo;\u00e9duction, jusqu&rsquo;\u00e0 ce que cette crise passe, que nous soyons rassur\u00e9s et que la vie reprenne son cours\u00bb, a-t-il ajout\u00e9.\u00a0\u00a0\u00a0\u00a0\u00a0 \u00a0<br \/>\u00abOn n&rsquo;en est pas \u00e0 l&rsquo;\u00e9tat d&rsquo;urgence, il s&rsquo;agit juste de dispositifs sp\u00e9cifiques, car nous sommes dans une conjoncture mondiale qui concerne tous les pays, m\u00eames les plus d\u00e9velopp\u00e9s\u00bb, a insist\u00e9 le Premier ministre.<\/p>\n<p><strong>Les participants au Hirak exhort\u00e9s \u00e0 la vigilance<\/strong><\/p>\n<p>Le Premier ministre a appel\u00e9, en outre, les citoyens qui participent hebdomadairement au Hirak populaire \u00e0 faire preuve de vigilance car il y va de \u00ableur sant\u00e9 et de leur vie\u00bb. \u00abJe veux dire \u00e0 mes fr\u00e8res et s\u0153urs du Hirak que nous ne sommes pas en qu\u00eate d&rsquo;une instrumentalisation politique \u00e0 l&rsquo;instar de certains. Toutefois, je leur dis, soyez vigilants car il y va de votre sant\u00e9 et de votre vie\u00bb, a d\u00e9clar\u00e9 M. Djerad, appelant ces derniers \u00e0 \u00abprendre les pr\u00e9cautions n\u00e9cessaires\u00bb. \u00abVous pouvez sortir comme vous le d\u00e9sirez mais prenez vos pr\u00e9cautions pour ne pas compromettre votre sant\u00e9, celle de vos voisins, vos m\u00e8res et vos p\u00e8res et \u00e9viter de les exposer au risque\u00bb, car si la maladie venait \u00e0 se propager \u00e0 travers le territoire national \u00abnous passerons \u00e0 un autre stade\u00bb. Le Premier ministre a appel\u00e9 les Alg\u00e9riens \u00e0 faire preuve de conscience collective et d&rsquo;unit\u00e9 face aux difficult\u00e9s et aux crises comme \u00e0 l&rsquo;accoutum\u00e9e, soulignant que \u00abnous sommes face \u00e0 une v\u00e9ritable guerre sur les plans biologique et sanitaire. Nous devons, donc, nous unir pour pr\u00e9server la sant\u00e9 du peuple\u00bb. Par ailleurs, M. Djerad a recommand\u00e9 aux citoyens d&rsquo;\u00e9viter les rassemblements dans les salles des f\u00eates, lieux de loisirs et de divertissement et autres lieux o\u00f9 affluent les citoyens et \u00e9viter de prendre des bus surcharg\u00e9s, indiquant que \u00able citoyen est conscient que sa vie est en danger\u00bb.<\/p>\n<p><strong>Les pouvoirs publics luttent sans rel\u00e2che contre la pand\u00e9mie du coronavirus<\/strong><\/p>\n<p>Le Premier ministre\u00a0 a assur\u00e9 que les pouvoirs publics \u0153uvraient sans rel\u00e2che pour combattre la pand\u00e9mie du Coronavirus qui est un danger pour la sant\u00e9 de l&rsquo;homme et porte m\u00eame atteinte \u00e0 la s\u00e9curit\u00e9 nationale des pays.<br \/>\u00a0Dans une d\u00e9claration \u00e0 la presse en marge de l&rsquo;ouverture d&rsquo;un nouveau service de mise en quarantaine \u00e0 l&rsquo;h\u00f4pital universitaire Frantz-Fanon, M. Djerad a indiqu\u00e9 que les pouvoirs publics, depuis l&rsquo;annonce du premier cas de coronavirus, le 17 f\u00e9vrier dernier, \u00abont \u0153uvr\u00e9, au plus haut niveau, \u00e0 commencer par le Pr\u00e9sident de la R\u00e9publique, le Premier ministre et le Gouvernement \u00e0 combattre cette pand\u00e9mie qui constitue un danger pour la sant\u00e9 de l&rsquo;homme, voire m\u00eame pour la s\u00e9curit\u00e9 nationale des pays\u00bb. \u00abEtant voisins de l&rsquo;Europe, \u00e9picentre de cette pand\u00e9mie, et au vu des \u00e9changes a\u00e9riens et maritimes que nous avons avec ce continent, nous avons pris une d\u00e9cision portant r\u00e9duction, dans une large mesure, de l&rsquo;afflux des voyageurs venus d&rsquo;Europe vers l&rsquo;Alg\u00e9rie\u00bb, a encore indiqu\u00e9 M. Djerad qui assure que l&rsquo;Alg\u00e9rie poursuivra \u00abde pr\u00e8s le suivi de l&rsquo;\u00e9volution de la situation en Europe et dans le monde\u00bb.<br \/>Rappelant les mesures prises au niveau national \u00e0 l&rsquo;effet de contenir la propagation de la pand\u00e9mie, \u00e0 l&rsquo;image de la d\u00e9cision d&rsquo;organiser des rencontres sportives \u00e0 huis-clos, \u00e0 l&rsquo;effet d&rsquo;\u00e9viter le rassemblement des citoyens et, partant, la contagion, M. Djerad a relev\u00e9 que \u00able Gouvernement, sur instruction du Pr\u00e9sident de la R\u00e9publique, a pris des mesures pr\u00e9ventives pour emp\u00eacher la propagation de cette pand\u00e9mie \u00e0 travers le pays\u00bb. \u00abNous sommes devant une crise mondiale qui concerne notre pays\u00bb d&rsquo;o\u00f9 la n\u00e9cessit\u00e9, a-t-il dit, \u00abde tenir le citoyen et l&rsquo;opinion publique inform\u00e9s de ce qui concerne cette pand\u00e9mie, en d\u00e9pit des quelques cas enregistr\u00e9s dans notre pays\u00bb.<br \/>Plusieurs pays d\u00e9velopp\u00e9s ont \u00e9t\u00e9 touch\u00e9s par la pand\u00e9mie, en Europe, en Asie, la Chine en l&rsquo;occurrence, voire m\u00eame aux Etats-Unis d&rsquo;Am\u00e9rique (USA), a rappel\u00e9 M. Djerad qui rel\u00e8ve, toutefois, que \u00ableur riposte \u00e9tait tr\u00e8s forte pour r\u00e9duire le nombre des personnes atteintes et des victimes\u00bb.<\/p>\n<p><strong>Inauguration du service de confinement au CHU Frantz-Fanon<\/strong><\/p>\n<p>Le Premier ministre a proc\u00e9d\u00e9 \u00e0 l&rsquo;inauguration d&rsquo;un service de mise en quarantaine au CHU Frantz-Fanon pour les cas suspects de coronavirus (Covid-19). Selon les explications fournies au Premier ministre, ce nouveau service, initialement r\u00e9serv\u00e9 \u00e0 la cardiologie et \u00e0 la chirurgie cardiovasculaire, dispose du mat\u00e9riel et des \u00e9quipements n\u00e9cessaires et des conditions \u00e0 m\u00eame de garantir le bien-\u00eatre des r\u00e9sidants. Le service comprend 71 lits r\u00e9partis sur des chambres de deux lits, dont une quinzaine est r\u00e9serv\u00e9e \u00e0 la r\u00e9animation, outre 4 salles de chirurgie, un laboratoire et une salle de radiologie. L&rsquo;ouverture de ce service, qui est op\u00e9rationnel \u00e0 partir de ce samedi, intervient pour all\u00e9ger la pression sur le service des maladies infectieuses de l&rsquo;h\u00f4pital de Boufarik qui enregistre une surcharge, explique M. Djerad. Le Premier ministre a salu\u00e9 les efforts que d\u00e9ploie le staff m\u00e9dical de l&rsquo;h\u00f4pital, assurant l&rsquo;appui et le soutien du gouvernement face \u00e0 cette situation.<\/p>\n<p>Auteur: elmoudjahid<br \/>\n<a href=\"http:\/\/www.elmoudjahid.com\/fr\/actualites\/149869\">Cliquez ici pour lire l&rsquo;article depuis sa source.<\/a><\/p>\n","protected":false},"excerpt":{"rendered":"<p>Le Premier ministre, Abdelaziz Djerad, a appel\u00e9 samedi depuis Blida, les Alg\u00e9riens \u00e0 faire preuve de vigilance et de prudence pour \u00e9viter la propagation du Coronavirus (Covid-19). \u00abNous demandons aux citoyennes et citoyens d&rsquo;\u00eatre conscients, vigilants et de pr\u00e9server leur sant\u00e9 et celle de leurs enfants\u00bb, a indiqu\u00e9 le Premier ministre qui supervisait l&rsquo;ouverture d&rsquo;un [&hellip;]<\/p>\n","protected":false},"author":1744,"featured_media":0,"comment_status":"closed","ping_status":"closed","sticky":false,"template":"","format":"standard","meta":{"fifu_image_url":"","fifu_image_alt":"","footnotes":""},"categories":[73,53],"tags":[],"class_list":["post-79132","post","type-post","status-publish","format-standard","hentry","category-actualite","category-algerie"],"_links":{"self":[{"href":"https:\/\/linitiative.ca\/International\/wp-json\/wp\/v2\/posts\/79132","targetHints":{"allow":["GET"]}}],"collection":[{"href":"https:\/\/linitiative.ca\/International\/wp-json\/wp\/v2\/posts"}],"about":[{"href":"https:\/\/linitiative.ca\/International\/wp-json\/wp\/v2\/types\/post"}],"author":[{"embeddable":true,"href":"https:\/\/linitiative.ca\/International\/wp-json\/wp\/v2\/users\/1744"}],"replies":[{"embeddable":true,"href":"https:\/\/linitiative.ca\/International\/wp-json\/wp\/v2\/comments?post=79132"}],"version-history":[{"count":0,"href":"https:\/\/linitiative.ca\/International\/wp-json\/wp\/v2\/posts\/79132\/revisions"}],"wp:attachment":[{"href":"https:\/\/linitiative.ca\/International\/wp-json\/wp\/v2\/media?parent=79132"}],"wp:term":[{"taxonomy":"category","embeddable":true,"href":"https:\/\/linitiative.ca\/International\/wp-json\/wp\/v2\/categories?post=79132"},{"taxonomy":"post_tag","embeddable":true,"href":"https:\/\/linitiative.ca\/International\/wp-json\/wp\/v2\/tags?post=79132"}],"curies":[{"name":"wp","href":"https:\/\/api.w.org\/{rel}","templated":true}]}}