{"id":79133,"date":"2020-03-14T19:00:00","date_gmt":"2020-03-14T23:00:00","guid":{"rendered":"https:\/\/linitiative.ca\/International\/ministere-de-linterieur-appel-a-eviter-les-lieux-de-rassemblement\/"},"modified":"2020-03-14T19:00:00","modified_gmt":"2020-03-14T23:00:00","slug":"ministere-de-linterieur-appel-a-eviter-les-lieux-de-rassemblement","status":"publish","type":"post","link":"https:\/\/linitiative.ca\/International\/ministere-de-linterieur-appel-a-eviter-les-lieux-de-rassemblement\/","title":{"rendered":"Minist\u00e8re de l\u2019Int\u00e9rieur  : Appel \u00e0 \u00e9viter les lieux de rassemblement"},"content":{"rendered":"<div class=\"TxArtcile\" readability=\"25\">\n<p>Le minist\u00e8re de l&rsquo;Int\u00e9rieur, des Collectivit\u00e9s locales et de l&rsquo;Am\u00e9nagement du territoire a appel\u00e9 l&rsquo;ensemble des citoyens et des citoyennes \u00e0 respecter scrupuleusement les r\u00e8gles d&rsquo;hygi\u00e8ne de mise et \u00e0 \u00e9viter dans la mesure du possible les lieux de rassemblement publics pour parer tout risque de contamination au nouveau coronavirus (covid-19), a indiqu\u00e9 hier un communiqu\u00e9 du minist\u00e8re. \u00abLe minist\u00e8re de l&rsquo;Int\u00e9rieur appelle l&rsquo;ensemble des citoyens et des citoyennes \u00e0 respecter scrupuleusement les r\u00e8gles sanitaires de mise, \u00e0 \u00e9viter dans la mesure du possible les lieux de rassemblement publics tels que les espaces de loisirs, les jardins publics et autres structures enregistrant une grande affluence des citoyens et \u00e0 renoncer provisoirement \u00e0 certaines habitudes, notamment les c\u00e9l\u00e9brations, susceptibles de favoriser la propagation du covid-19\u00bb, pr\u00e9cise le communiqu\u00e9.<br \/>\u00abMalgr\u00e9 la mobilisation des institutions de l&rsquo;Etat pour faire face \u00e0 cette pand\u00e9mie, les citoyens et les citoyennes doivent faire preuve de plus de vigilance et de prudence et se mobiliser en observant les r\u00e8gles sanitaires de mise pour parer tout risque de contamination\u00bb, d&rsquo;autant que cette pand\u00e9mie \u00abcontinue de se propager \u00e0 travers le monde en d\u00e9pit des m\u00e9canismes mis en place pour l&rsquo;enrayer\u00bb, ajoute la m\u00eame source, pr\u00e9cisant que \u00ables mesures restent en vigueur pour prot\u00e9ger les citoyens et leurs proches contre ce virus\u00bb.<br \/>Ces mesures de pr\u00e9vention sont prises par l&rsquo;Etat dans l&rsquo;int\u00e9r\u00eat g\u00e9n\u00e9ral des citoyens et des citoyennes face \u00e0 la menace pos\u00e9e par ce nouveau coronavirus, poursuit le communiqu\u00e9, rappelant dans ce cadre que le Pr\u00e9sident de la R\u00e9publique, M. Abdelmadjid Tebboune, avait ordonn\u00e9 de prendre toutes les mesures pr\u00e9ventives n\u00e9cessaires contre la propagation du covid-19 dans le cadre du dispositif de veille et d&rsquo;alerte mis en place.<\/p>\n<\/div>\n<div class=\"ModliArtilUne\">\n<ul>\n<li><strong>Publi\u00e9 dans :<\/strong><\/li>\n<\/ul>\n<\/div>\n<div class=\"MbComIns\" id=\"newcom\" readability=\"5.69402985075\">\n<h6>DONNEZ VOTRE AVIS<\/h6>\n<p>Il n&rsquo;y a actuellement aucune r\u00e9action \u00e0 cette information. Soyez le premier \u00e0 r\u00e9agir !<\/p>\n<p><a href=\"\" rel=\"#popup\" class=\"login resetbutton\">Identifiez-vous<\/a><a class=\"button\" href=\"http:\/\/www.elmoudjahid.com\/fr\/inscription\/\"><span>S&rsquo;inscrire<\/span><\/a><\/p>\n<\/div>\n<p>Auteur: elmoudjahid<br \/>\n<a href=\"http:\/\/www.elmoudjahid.com\/fr\/actualites\/149870\">Cliquez ici pour lire l&rsquo;article depuis sa source.<\/a><\/p>\n","protected":false},"excerpt":{"rendered":"<p>Le minist\u00e8re de l&rsquo;Int\u00e9rieur, des Collectivit\u00e9s locales et de l&rsquo;Am\u00e9nagement du territoire a appel\u00e9 l&rsquo;ensemble des citoyens et des citoyennes \u00e0 respecter scrupuleusement les r\u00e8gles d&rsquo;hygi\u00e8ne de mise et \u00e0 \u00e9viter dans la mesure du possible les lieux de rassemblement publics pour parer tout risque de contamination au nouveau coronavirus (covid-19), a indiqu\u00e9 hier un [&hellip;]<\/p>\n","protected":false},"author":1744,"featured_media":0,"comment_status":"closed","ping_status":"closed","sticky":false,"template":"","format":"standard","meta":{"fifu_image_url":"","fifu_image_alt":"","footnotes":""},"categories":[73,53],"tags":[],"class_list":["post-79133","post","type-post","status-publish","format-standard","hentry","category-actualite","category-algerie"],"_links":{"self":[{"href":"https:\/\/linitiative.ca\/International\/wp-json\/wp\/v2\/posts\/79133","targetHints":{"allow":["GET"]}}],"collection":[{"href":"https:\/\/linitiative.ca\/International\/wp-json\/wp\/v2\/posts"}],"about":[{"href":"https:\/\/linitiative.ca\/International\/wp-json\/wp\/v2\/types\/post"}],"author":[{"embeddable":true,"href":"https:\/\/linitiative.ca\/International\/wp-json\/wp\/v2\/users\/1744"}],"replies":[{"embeddable":true,"href":"https:\/\/linitiative.ca\/International\/wp-json\/wp\/v2\/comments?post=79133"}],"version-history":[{"count":0,"href":"https:\/\/linitiative.ca\/International\/wp-json\/wp\/v2\/posts\/79133\/revisions"}],"wp:attachment":[{"href":"https:\/\/linitiative.ca\/International\/wp-json\/wp\/v2\/media?parent=79133"}],"wp:term":[{"taxonomy":"category","embeddable":true,"href":"https:\/\/linitiative.ca\/International\/wp-json\/wp\/v2\/categories?post=79133"},{"taxonomy":"post_tag","embeddable":true,"href":"https:\/\/linitiative.ca\/International\/wp-json\/wp\/v2\/tags?post=79133"}],"curies":[{"name":"wp","href":"https:\/\/api.w.org\/{rel}","templated":true}]}}