{"id":79134,"date":"2020-03-14T19:00:00","date_gmt":"2020-03-14T23:00:00","guid":{"rendered":"https:\/\/linitiative.ca\/International\/ministere-de-la-sante-appel-au-strict-respect-des-mesures-preventives\/"},"modified":"2020-03-14T19:00:00","modified_gmt":"2020-03-14T23:00:00","slug":"ministere-de-la-sante-appel-au-strict-respect-des-mesures-preventives","status":"publish","type":"post","link":"https:\/\/linitiative.ca\/International\/ministere-de-la-sante-appel-au-strict-respect-des-mesures-preventives\/","title":{"rendered":"Minist\u00e8re de la Sant\u00e9  : Appel au strict respect des mesures pr\u00e9ventives"},"content":{"rendered":"<div class=\"TxArtcile\" readability=\"16\">\n<p>Le minist\u00e8re de la Sant\u00e9, de la Population et de la R\u00e9forme hospitali\u00e8re a appel\u00e9 samedi la population \u00e0 \u00abplus de vigilance\u00bb en veillant au \u00abstrict respect\u00bb des mesures de pr\u00e9vention et de la lutte contre la propagation de l&rsquo;\u00e9pid\u00e9mie du coronavirus (covid-19). Dans le cadre du renforcement du dispositif de pr\u00e9vention et de la lutte contre la propagation de l&rsquo;\u00e9pid\u00e9mie du coronavirus, le minist\u00e8re de la Sant\u00e9 invite la population \u00e0 \u00abse laver les mains plusieurs fois par jour avec de l&rsquo;eau et du savon liquide ou utiliser une solution hydro alcoolique, se saluer sans se serrer les mains et sans embrassades et \u00e9viter les regroupements et les d\u00e9placements inutiles\u00bb. Il s&rsquo;agit aussi de \u00abprot\u00e9ger les personnes \u00e2g\u00e9es et les malades chroniques en leur \u00e9vitant tous contacts non obligatoires, veiller \u00e0 l&rsquo;utilisation de l&rsquo;eau de javel pour le nettoyage et la d\u00e9sinfection de son environnement\u00bb, ajoute la m\u00eame source, soulignant que les personnes pr\u00e9sentant des sympt\u00f4mes grippaux \u00abdevront se soumettre \u00e0 un isolement au niveau de leurs domiciles et de contacter les urgences en cas de complications\u00bb.<\/p>\n<\/div>\n<div class=\"ModliArtilUne\">\n<ul>\n<li><strong>Publi\u00e9 dans :<\/strong><\/li>\n<\/ul>\n<\/div>\n<div class=\"MbComIns\" id=\"newcom\" readability=\"5.69402985075\">\n<h6>DONNEZ VOTRE AVIS<\/h6>\n<p>Il n&rsquo;y a actuellement aucune r\u00e9action \u00e0 cette information. Soyez le premier \u00e0 r\u00e9agir !<\/p>\n<p><a href=\"\" rel=\"#popup\" class=\"login resetbutton\">Identifiez-vous<\/a><a class=\"button\" href=\"http:\/\/www.elmoudjahid.com\/fr\/inscription\/\"><span>S&rsquo;inscrire<\/span><\/a><\/p>\n<\/div>\n<p>Auteur: elmoudjahid<br \/>\n<a href=\"http:\/\/www.elmoudjahid.com\/fr\/actualites\/149871\">Cliquez ici pour lire l&rsquo;article depuis sa source.<\/a><\/p>\n","protected":false},"excerpt":{"rendered":"<p>Le minist\u00e8re de la Sant\u00e9, de la Population et de la R\u00e9forme hospitali\u00e8re a appel\u00e9 samedi la population \u00e0 \u00abplus de vigilance\u00bb en veillant au \u00abstrict respect\u00bb des mesures de pr\u00e9vention et de la lutte contre la propagation de l&rsquo;\u00e9pid\u00e9mie du coronavirus (covid-19). Dans le cadre du renforcement du dispositif de pr\u00e9vention et de la [&hellip;]<\/p>\n","protected":false},"author":1744,"featured_media":0,"comment_status":"closed","ping_status":"closed","sticky":false,"template":"","format":"standard","meta":{"fifu_image_url":"","fifu_image_alt":"","footnotes":""},"categories":[73,53],"tags":[],"class_list":["post-79134","post","type-post","status-publish","format-standard","hentry","category-actualite","category-algerie"],"_links":{"self":[{"href":"https:\/\/linitiative.ca\/International\/wp-json\/wp\/v2\/posts\/79134","targetHints":{"allow":["GET"]}}],"collection":[{"href":"https:\/\/linitiative.ca\/International\/wp-json\/wp\/v2\/posts"}],"about":[{"href":"https:\/\/linitiative.ca\/International\/wp-json\/wp\/v2\/types\/post"}],"author":[{"embeddable":true,"href":"https:\/\/linitiative.ca\/International\/wp-json\/wp\/v2\/users\/1744"}],"replies":[{"embeddable":true,"href":"https:\/\/linitiative.ca\/International\/wp-json\/wp\/v2\/comments?post=79134"}],"version-history":[{"count":0,"href":"https:\/\/linitiative.ca\/International\/wp-json\/wp\/v2\/posts\/79134\/revisions"}],"wp:attachment":[{"href":"https:\/\/linitiative.ca\/International\/wp-json\/wp\/v2\/media?parent=79134"}],"wp:term":[{"taxonomy":"category","embeddable":true,"href":"https:\/\/linitiative.ca\/International\/wp-json\/wp\/v2\/categories?post=79134"},{"taxonomy":"post_tag","embeddable":true,"href":"https:\/\/linitiative.ca\/International\/wp-json\/wp\/v2\/tags?post=79134"}],"curies":[{"name":"wp","href":"https:\/\/api.w.org\/{rel}","templated":true}]}}