{"id":79135,"date":"2020-03-14T19:00:00","date_gmt":"2020-03-14T23:00:00","guid":{"rendered":"https:\/\/linitiative.ca\/International\/mca-3-ncm-2-le-mouloudia-sempare-de-la-2e-place\/"},"modified":"2020-03-14T19:00:00","modified_gmt":"2020-03-14T23:00:00","slug":"mca-3-ncm-2-le-mouloudia-sempare-de-la-2e-place","status":"publish","type":"post","link":"https:\/\/linitiative.ca\/International\/mca-3-ncm-2-le-mouloudia-sempare-de-la-2e-place\/","title":{"rendered":"MCA 3 &#8211;  NCM 2 : Le Mouloudia s\u2019empare  de la 2e place"},"content":{"rendered":"<p>Difficile mais finalement, le MC Alger a pris le dessus sur son adversaire du jour, le NC Magra au cours d&rsquo;un match ouvert \u00e0 tous les sc\u00e9narios\u00a0 (3-2).<br \/>C&rsquo;est une victoire importante qu&rsquo;a sign\u00e9e le MC Alger ce samedi \u00e0 l&rsquo;occasion de la r\u00e9ception du NC Magra pour le compte de la 22e journ\u00e9e de la Ligue 1.<br \/>Priv\u00e9 du public, mesure observatoire prise par les pouvoirs publics face \u00e0 la propagation de la pand\u00e9mie du Coronavirus, le MCA \u00e0 r\u00e9alis\u00e9 l&rsquo;essentiel, \u00e0 savoir engranger les trois points qui lui permettent de grignoter des places au classement g\u00e9n\u00e9ral.<br \/>En effet, \u00e0 la faveur de cette victoire, le Mouloudia se positionne temporairement \u00e0 la deuxi\u00e8me place du classement avec 37 points. A trois unit\u00e9s du CRB qui face \u00e0 une grosse concurrence durant cette derni\u00e8re ligne droite du championnat, le MCA se relance s\u00e9rieusement dans la course au titre. Il est vrai que le classement pourrait \u00eatre boulevers\u00e9 aujourd\u2019hui avec la mise \u00e0 jour de la 22e journ\u00e9e, notamment avec le r\u00e9sultat de l&rsquo;affiche ESS-JSK qui se disputent la deuxi\u00e8me place, mais dans tous les cas l\u00e0 course pour le titre est plus que jamais relanc\u00e9e.<br \/>Avec 11 victoires, 4 nuls et 6 d\u00e9faites, le MCA r\u00e9alis\u00e9 un retour int\u00e9ressant, \u00e0 contratio du MC Magra dont la situation \u00e0 fait sortir de ses gonds son entra\u00eeneur, Hadj Merine qui appelle \u00e0 un plan d&rsquo;urgence pour sauver le club.<br \/>M. A. A.<\/p>\n<p>Auteur: elmoudjahid<br \/>\n<a href=\"http:\/\/www.elmoudjahid.com\/fr\/actualites\/149872\">Cliquez ici pour lire l&rsquo;article depuis sa source.<\/a><\/p>\n","protected":false},"excerpt":{"rendered":"<p>Difficile mais finalement, le MC Alger a pris le dessus sur son adversaire du jour, le NC Magra au cours d&rsquo;un match ouvert \u00e0 tous les sc\u00e9narios\u00a0 (3-2).C&rsquo;est une victoire importante qu&rsquo;a sign\u00e9e le MC Alger ce samedi \u00e0 l&rsquo;occasion de la r\u00e9ception du NC Magra pour le compte de la 22e journ\u00e9e de la [&hellip;]<\/p>\n","protected":false},"author":1744,"featured_media":0,"comment_status":"closed","ping_status":"closed","sticky":false,"template":"","format":"standard","meta":{"fifu_image_url":"","fifu_image_alt":"","footnotes":""},"categories":[73,53],"tags":[],"class_list":["post-79135","post","type-post","status-publish","format-standard","hentry","category-actualite","category-algerie"],"_links":{"self":[{"href":"https:\/\/linitiative.ca\/International\/wp-json\/wp\/v2\/posts\/79135","targetHints":{"allow":["GET"]}}],"collection":[{"href":"https:\/\/linitiative.ca\/International\/wp-json\/wp\/v2\/posts"}],"about":[{"href":"https:\/\/linitiative.ca\/International\/wp-json\/wp\/v2\/types\/post"}],"author":[{"embeddable":true,"href":"https:\/\/linitiative.ca\/International\/wp-json\/wp\/v2\/users\/1744"}],"replies":[{"embeddable":true,"href":"https:\/\/linitiative.ca\/International\/wp-json\/wp\/v2\/comments?post=79135"}],"version-history":[{"count":0,"href":"https:\/\/linitiative.ca\/International\/wp-json\/wp\/v2\/posts\/79135\/revisions"}],"wp:attachment":[{"href":"https:\/\/linitiative.ca\/International\/wp-json\/wp\/v2\/media?parent=79135"}],"wp:term":[{"taxonomy":"category","embeddable":true,"href":"https:\/\/linitiative.ca\/International\/wp-json\/wp\/v2\/categories?post=79135"},{"taxonomy":"post_tag","embeddable":true,"href":"https:\/\/linitiative.ca\/International\/wp-json\/wp\/v2\/tags?post=79135"}],"curies":[{"name":"wp","href":"https:\/\/api.w.org\/{rel}","templated":true}]}}