{"id":79144,"date":"2020-03-15T12:59:00","date_gmt":"2020-03-15T16:59:00","guid":{"rendered":"https:\/\/linitiative.ca\/International\/la-malediction-poursuit-les-walis-de-mosta\/"},"modified":"2020-03-15T12:59:00","modified_gmt":"2020-03-15T16:59:00","slug":"la-malediction-poursuit-les-walis-de-mosta","status":"publish","type":"post","link":"https:\/\/linitiative.ca\/International\/la-malediction-poursuit-les-walis-de-mosta\/","title":{"rendered":"La mal\u00e9diction poursuit les walis de Mosta"},"content":{"rendered":"<p><br id=\"sep_para_1\" class=\"sep_para access\"\/><\/p>\n<div id=\"para_1\" class=\"para_35959018 resize\">\n<div class=\"photo shadow left\"><img decoding=\"async\" class=\"responsive c9\" src=\"https:\/\/www.reflexiondz.net\/photo\/art\/grande\/43666144-35959018.jpg?v=1584292774\" alt=\"La mal\u00e9diction poursuit les walis de Mosta\" title=\"La mal\u00e9diction poursuit les walis de Mosta\"\/><img decoding=\"async\" class=\"not-responsive\" src=\"https:\/\/www.reflexiondz.net\/photo\/art\/default\/43666144-35959018.jpg?v=1584292774\" alt=\"La mal\u00e9diction poursuit les walis de Mosta\" title=\"La mal\u00e9diction poursuit les walis de Mosta\"\/><\/div>\n<div class=\"texte access firstletter\">La mal\u00e9diction ne l\u00e2chera jamais les walis qui ont dilapid\u00e9 le foncier et massacr\u00e9 le patrimoine antique de Mostaganem et mis l\u2019int\u00e9r\u00eat de Mostaganem aux ench\u00e8res ! Le \u2018\u2019 NINI\u2019\u2019 des mostaganemois qui croient encore au \u2018\u2019MEHDI ELMOUNTADHAR\u2019\u2019 pour sauver leur patrimoine et cette soi-disant soci\u00e9t\u00e9 civile so\u00fbl\u00e9e par l\u2019id\u00e9e que Mostaganem est prot\u00e9g\u00e9e par les 40 marabouts, est une autre forme de complicit\u00e9 ! Les loubards, soi-disant hommes d\u2019affaires qui ont li\u00e9 amiti\u00e9 avec les walis pour \u2018\u2019d\u00e9vorer\u2019\u2019 le foncier et t\u00e9ter les banques, et ces s\u00e9nateurs, d\u00e9put\u00e9s et maires qui se sont partag\u00e9 les parts du g\u00e2teau, ainsi que les valets du cabinet du wali et les \u2018\u2019bousbousseurs\u2019\u2019 qui ont applaudi et attest\u00e9 la vente de Mostaganem, tous seront bient\u00f4t dans le panier des 40 voleurs ! Ainsi, dira Moul Firma, \u00e0 ceux qui croyaient, qu\u2019avec l\u2019emprisonnement de l\u2019ancien wali Temmar et de quelques directeurs dans l\u2019affaire de dilapidation de foncier, que tout sera termin\u00e9 ? Bien au contraire, si l\u2019ancienne wali Zerhouni vient d\u2019\u00eatre \u00e9pingl\u00e9e par le mafieux Haddad dans l\u2019affaire du MAO de Mostaganem et qui sera entendue tr\u00e8s bient\u00f4t avec les anciens directeurs de l\u2019hydraulique de Mostaganem, l\u2019ancien wali Ouadah est aussi cit\u00e9 dans une deuxi\u00e8me affaire de foncier. En effet, le dossier de l\u2019ancien wali Ouadah a \u00e9t\u00e9 ouvert par la justice, l\u2019ouverture de cette affaire va faire tomber plusieurs noms qui se croyaient \u00e0 l\u2019abri de l\u2019enqu\u00eate, tel que le patron de la c\u00e2blerie, qui a b\u00e9n\u00e9fici\u00e9 du temps de ce wali de l\u2019usine de la Sonic de Mesra, d\u2019une extension et de plusieurs cr\u00e9dits bancaires , les fameux investissements \u00e0 l\u2019\u00e9tranger , les terrains agricoles \u00e0 Bordjia et autres dossiers que Moul Firma va les re-ouvrir tr\u00e8s bient\u00f4t. Le dossier de Ouadah va \u00e9galement faire sortir de l\u2019ombre plusieurs investisseurs de l\u2019ombre comme les patrons de la briqueterie, le fils du g\u00e9n\u00e9ral Menad, et les terrains de Ouled Bachir octroy\u00e9s en 2011. Le dernier wali, Rabhi, lui aussi se trouve dans de mauvais draps. L\u2019affaire de l\u2019octroi de l\u2019assiette de l\u2019usine sonitex au fr\u00e8re du patron de AZ, n\u2019\u00e9tait que l\u2019arbre qui cachait la for\u00eat du Fassad. Moul Firma vient d\u2019apprendre que l\u2019enqu\u00eate sur les dessous de l\u2019octroi de la sonitex est officiellement ouverte par la brigade \u00e9conomique de la police judiciaire de la s\u00fbret\u00e9 de la wilaya de Mostaganem. L\u2019enqu\u00eate ouverte va sans doute s\u2019\u00e9taler sur d\u2019autres dossiers, tels que les 10 hectares de la\u00a0 for\u00eat\u00a0 de la cit\u00e9 Houria , octroy\u00e9s \u00e0 un gars de S\u00e9tif, les LED et les fleurs de Boumerdes , et les terrains de Sablettes , chemins des cr\u00eates, Bordjia\u00a0 et autres .. Un autre \u00e9pisode de Fassad que Moul Firma va le raconter prochainement !<\/div>\n<\/div>\n<p>Auteur: R\u00e9flexion<br \/>\n<a href=\"https:\/\/www.reflexiondz.net\/La-malediction-poursuit-les-walis-de-Mosta_a61301.html\">Cliquez ici pour lire l&rsquo;article depuis sa source.<\/a><\/p>\n","protected":false},"excerpt":{"rendered":"<p>La mal\u00e9diction ne l\u00e2chera jamais les walis qui ont dilapid\u00e9 le foncier et massacr\u00e9 le patrimoine antique de Mostaganem et mis l\u2019int\u00e9r\u00eat de Mostaganem aux ench\u00e8res ! Le \u2018\u2019 NINI\u2019\u2019 des mostaganemois qui croient encore au \u2018\u2019MEHDI ELMOUNTADHAR\u2019\u2019 pour sauver leur patrimoine et cette soi-disant soci\u00e9t\u00e9 civile so\u00fbl\u00e9e par l\u2019id\u00e9e que Mostaganem est prot\u00e9g\u00e9e par [&hellip;]<\/p>\n","protected":false},"author":1740,"featured_media":0,"comment_status":"closed","ping_status":"closed","sticky":false,"template":"","format":"standard","meta":{"fifu_image_url":"","fifu_image_alt":"","footnotes":""},"categories":[53,76],"tags":[],"class_list":["post-79144","post","type-post","status-publish","format-standard","hentry","category-algerie","category-regions"],"_links":{"self":[{"href":"https:\/\/linitiative.ca\/International\/wp-json\/wp\/v2\/posts\/79144","targetHints":{"allow":["GET"]}}],"collection":[{"href":"https:\/\/linitiative.ca\/International\/wp-json\/wp\/v2\/posts"}],"about":[{"href":"https:\/\/linitiative.ca\/International\/wp-json\/wp\/v2\/types\/post"}],"author":[{"embeddable":true,"href":"https:\/\/linitiative.ca\/International\/wp-json\/wp\/v2\/users\/1740"}],"replies":[{"embeddable":true,"href":"https:\/\/linitiative.ca\/International\/wp-json\/wp\/v2\/comments?post=79144"}],"version-history":[{"count":0,"href":"https:\/\/linitiative.ca\/International\/wp-json\/wp\/v2\/posts\/79144\/revisions"}],"wp:attachment":[{"href":"https:\/\/linitiative.ca\/International\/wp-json\/wp\/v2\/media?parent=79144"}],"wp:term":[{"taxonomy":"category","embeddable":true,"href":"https:\/\/linitiative.ca\/International\/wp-json\/wp\/v2\/categories?post=79144"},{"taxonomy":"post_tag","embeddable":true,"href":"https:\/\/linitiative.ca\/International\/wp-json\/wp\/v2\/tags?post=79144"}],"curies":[{"name":"wp","href":"https:\/\/api.w.org\/{rel}","templated":true}]}}