{"id":79148,"date":"2020-03-15T06:00:00","date_gmt":"2020-03-15T10:00:00","guid":{"rendered":"https:\/\/linitiative.ca\/International\/khalil-ladjimi-quatre-mesures-gouvernementales-urgentes-a-prendre-face-au-covid-19-en-tunisie\/"},"modified":"2020-03-15T06:00:00","modified_gmt":"2020-03-15T10:00:00","slug":"khalil-ladjimi-quatre-mesures-gouvernementales-urgentes-a-prendre-face-au-covid-19-en-tunisie","status":"publish","type":"post","link":"https:\/\/linitiative.ca\/International\/khalil-ladjimi-quatre-mesures-gouvernementales-urgentes-a-prendre-face-au-covid-19-en-tunisie\/","title":{"rendered":"Khalil Ladjimi : Quatre mesures gouvernementales urgentes \u00e0 prendre, face au Covid-19 en Tunisie"},"content":{"rendered":"<p>J&rsquo;ai lu ces derniers jours plusieurs propositions d&rsquo;experts \u00e9conomiques pour enrayer la crise \u00e9conomique qui se dessine devant nous suite \u00e0 la pand\u00e9mie Covid-19. Tout d&rsquo;abord, au niveau du diagnostic, il y a une \u00e9norme erreur qui est commise. Aujourd&rsquo;hui, contrairement \u00e0 la crise des subprimes de 2008, c&rsquo;est la sph\u00e8re r\u00e9elle qui est touch\u00e9e directement. Les cha\u00eenes d&rsquo;approvisionnement sont rompues \u00e0 cause des mesures de confinement pour contenir la pand\u00e9mie. Les baisses de chiffres d&rsquo;affaires des entreprises sont importantes. On est donc face \u00e0 une situation d&rsquo;ass\u00e8chement de tr\u00e9sorerie. Les TPE\/PME sont les plus vuln\u00e9rables.<\/p>\n<p>Le gouvernement devrait prendre les mesures suivantes :<\/p>\n<ol>\n<li>donner aux h\u00f4pitaux publics les moyens, humains et mat\u00e9riels, pour endiguer la pand\u00e9mie Covid-19. C&rsquo;est l&rsquo;urgence nationale absolue,<\/li>\n<li>r\u00e9quisitionner les moyens du secteur priv\u00e9 en cas de saturation des h\u00f4pitaux,<\/li>\n<li>soutenir la tr\u00e9sorerie des entreprises par le report, sans p\u00e9nalit\u00e9s de retard, de toutes les \u00e9ch\u00e9ances fiscales et sociales jusqu&rsquo;\u00e0 un d\u00e9lai concert\u00e9 avec les partenaires sociaux,<\/li>\n<li>mettre en place rapidement, avant la fin du mois de mars, un m\u00e9canisme d&rsquo;indemnisation int\u00e9grale du ch\u00f4mage partiel des entreprises en baisse d&rsquo;activit\u00e9.<\/li>\n<\/ol>\n<p>Enfin on oublie pour 2020 la rigueur budg\u00e9taire&#8230;<\/p>\n<p><strong>Khalil Ladjimi<\/strong><\/p>\n<p>Auteur:<br \/>\n<a href=\"https:\/\/www.leaders.com.tn\/article\/29360-khalil-ladjimi-quatre-mesures-gouvernementales-urgentes-a-prendre-face-au-covid-19-en-tunisie\">Cliquez ici pour lire l&rsquo;article depuis sa source.<\/a><\/p>\n","protected":false},"excerpt":{"rendered":"<p>J&rsquo;ai lu ces derniers jours plusieurs propositions d&rsquo;experts \u00e9conomiques pour enrayer la crise \u00e9conomique qui se dessine devant nous suite \u00e0 la pand\u00e9mie Covid-19. Tout d&rsquo;abord, au niveau du diagnostic, il y a une \u00e9norme erreur qui est commise. Aujourd&rsquo;hui, contrairement \u00e0 la crise des subprimes de 2008, c&rsquo;est la sph\u00e8re r\u00e9elle qui est touch\u00e9e [&hellip;]<\/p>\n","protected":false},"author":1772,"featured_media":0,"comment_status":"closed","ping_status":"closed","sticky":false,"template":"","format":"standard","meta":{"fifu_image_url":"","fifu_image_alt":"","footnotes":""},"categories":[73,55],"tags":[],"class_list":["post-79148","post","type-post","status-publish","format-standard","hentry","category-actualite","category-tunisie"],"_links":{"self":[{"href":"https:\/\/linitiative.ca\/International\/wp-json\/wp\/v2\/posts\/79148","targetHints":{"allow":["GET"]}}],"collection":[{"href":"https:\/\/linitiative.ca\/International\/wp-json\/wp\/v2\/posts"}],"about":[{"href":"https:\/\/linitiative.ca\/International\/wp-json\/wp\/v2\/types\/post"}],"author":[{"embeddable":true,"href":"https:\/\/linitiative.ca\/International\/wp-json\/wp\/v2\/users\/1772"}],"replies":[{"embeddable":true,"href":"https:\/\/linitiative.ca\/International\/wp-json\/wp\/v2\/comments?post=79148"}],"version-history":[{"count":0,"href":"https:\/\/linitiative.ca\/International\/wp-json\/wp\/v2\/posts\/79148\/revisions"}],"wp:attachment":[{"href":"https:\/\/linitiative.ca\/International\/wp-json\/wp\/v2\/media?parent=79148"}],"wp:term":[{"taxonomy":"category","embeddable":true,"href":"https:\/\/linitiative.ca\/International\/wp-json\/wp\/v2\/categories?post=79148"},{"taxonomy":"post_tag","embeddable":true,"href":"https:\/\/linitiative.ca\/International\/wp-json\/wp\/v2\/tags?post=79148"}],"curies":[{"name":"wp","href":"https:\/\/api.w.org\/{rel}","templated":true}]}}