{"id":79155,"date":"2020-03-15T14:59:17","date_gmt":"2020-03-15T18:59:17","guid":{"rendered":"https:\/\/linitiative.ca\/International\/lallemagne-ferme-ses-frontieres-avec-la-france-la-suisse-et-lautriche\/"},"modified":"2020-03-15T14:59:17","modified_gmt":"2020-03-15T18:59:17","slug":"lallemagne-ferme-ses-frontieres-avec-la-france-la-suisse-et-lautriche","status":"publish","type":"post","link":"https:\/\/linitiative.ca\/International\/lallemagne-ferme-ses-frontieres-avec-la-france-la-suisse-et-lautriche\/","title":{"rendered":"L\u2019Allemagne ferme ses fronti\u00e8res avec la France, la Suisse et l\u2019Autriche"},"content":{"rendered":"<div class=\"post-cont-in left relative\">\n<p>L\u2019Allemagne fermera, \u00e0 partir de lundi \u00e0 08H00, partiellement ses fronti\u00e8res avec la France, la Suisse et l\u2019Autriche pour tenter freiner la propagation de l\u2019\u00e9pid\u00e9mie de <a href=\"https:\/\/www.tunisienumerique.com\/tunisie-actualite\/coronavirus\/\" title=\"coronavirus\" target=\"_top\" class=\"auto-link\" rel=\"noopener noreferrer\">coronavirus<\/a>, mais aussi pour \u00e9viter que ses supermarch\u00e9s aux prix attractifs ne soient d\u00e9valis\u00e9s.<\/p>\n<div class=\"code-block code-block-1 c3\"><ins class=\"adsbygoogle c2\" data-ad-layout=\"in-article\" data-ad-format=\"fluid\" data-ad-client=\"ca-pub-2102118777505746\" data-ad-slot=\"7301775417\"\/> <\/div>\n<p>Cette restriction ne concerne pas \u00e0 ce stade les autres pays frontaliers de l\u2019Allemagne, jug\u00e9s moins probl\u00e9matiques concernant la propagation du virus, comme la Pologne, la R\u00e9publique tch\u00e8que ou le Danemark.<\/p>\n<div class=\"swp_social_panel swp_horizontal_panel swp_flat_fresh swp_default_full_color swp_individual_full_color swp_other_full_color scale-100 scale-\" data-min-width=\"1100\" data-float-color=\"#ffffff\" data-float=\"bottom\" data-float-mobile=\"bottom\" data-transition=\"slide\">\n<div class=\"nc_tweetContainer swp_share_button total_shares total_sharesalt\"><span class=\"swp_count\">53 <span class=\"swp_label\">Partages<\/span><\/span><\/div>\n<\/div>\n<p><strong>Que se passe-t-il en Tunisie?<\/strong><br \/>Nous expliquons sur notre <a href=\"https:\/\/www.youtube.com\/channel\/UCRzypVq0B_yBad5eGrwBx0Q?sub_confirmation=1\" target=\"_blank\" rel=\"noopener noreferrer\">cha\u00eene YouTube<\/a> . <a href=\"https:\/\/www.youtube.com\/channel\/UCRzypVq0B_yBad5eGrwBx0Q?sub_confirmation=1\" target=\"_blank\" rel=\"noopener noreferrer\">Abonnez-vous!<\/a><\/p>\n<div class=\"mvp-org-wrap mvp-org-logo\" itemprop=\"publisher\" itemscope=\"\" itemtype=\"https:\/\/schema.org\/Organization\"><img decoding=\"async\" src=\"https:\/\/www.tunisienumerique.com\/wp-content\/uploads\/2017\/02\/logo_tunisie_numerique.png\"\/><\/div>\n<div class=\"mvp-related-posts left relative\">\n<h4 class=\"post-header\"><span class=\"post-header\">Lire aussi<\/span><\/h4>\n<\/div>\n<div id=\"article-ad\"><ins class=\"adsbygoogle c4\" data-ad-client=\"ca-pub-2102118777505746\" data-ad-slot=\"6513972734\" data-ad-format=\"auto\" data-full-width-responsive=\"true\"\/> <\/div>\n<\/div>\n<div id=\"post-sidebar-wrap\"><ins class=\"adsbygoogle c4\" data-ad-client=\"ca-pub-2102118777505746\" data-ad-slot=\"6168283410\" data-ad-format=\"auto\" data-full-width-responsive=\"true\"\/> <\/div>\n<p>Auteur: LM<br \/>\n<a href=\"https:\/\/www.tunisienumerique.com\/lallemagne-ferme-ses-frontieres-avec-la-france-la-suisse-et-lautriche\/\">Cliquez ici pour lire l&rsquo;article depuis sa source.<\/a><\/p>\n","protected":false},"excerpt":{"rendered":"<p>L\u2019Allemagne fermera, \u00e0 partir de lundi \u00e0 08H00, partiellement ses fronti\u00e8res avec la France, la Suisse et l\u2019Autriche pour tenter freiner la propagation de l\u2019\u00e9pid\u00e9mie de coronavirus, mais aussi pour \u00e9viter que ses supermarch\u00e9s aux prix attractifs ne soient d\u00e9valis\u00e9s. Cette restriction ne concerne pas \u00e0 ce stade les autres pays frontaliers de l\u2019Allemagne, jug\u00e9s [&hellip;]<\/p>\n","protected":false},"author":1789,"featured_media":79156,"comment_status":"closed","ping_status":"closed","sticky":false,"template":"","format":"standard","meta":{"fifu_image_url":"","fifu_image_alt":"","footnotes":""},"categories":[73,55],"tags":[],"class_list":["post-79155","post","type-post","status-publish","format-standard","has-post-thumbnail","hentry","category-actualite","category-tunisie"],"_links":{"self":[{"href":"https:\/\/linitiative.ca\/International\/wp-json\/wp\/v2\/posts\/79155","targetHints":{"allow":["GET"]}}],"collection":[{"href":"https:\/\/linitiative.ca\/International\/wp-json\/wp\/v2\/posts"}],"about":[{"href":"https:\/\/linitiative.ca\/International\/wp-json\/wp\/v2\/types\/post"}],"author":[{"embeddable":true,"href":"https:\/\/linitiative.ca\/International\/wp-json\/wp\/v2\/users\/1789"}],"replies":[{"embeddable":true,"href":"https:\/\/linitiative.ca\/International\/wp-json\/wp\/v2\/comments?post=79155"}],"version-history":[{"count":0,"href":"https:\/\/linitiative.ca\/International\/wp-json\/wp\/v2\/posts\/79155\/revisions"}],"wp:featuredmedia":[{"embeddable":true,"href":"https:\/\/linitiative.ca\/International\/wp-json\/"}],"wp:attachment":[{"href":"https:\/\/linitiative.ca\/International\/wp-json\/wp\/v2\/media?parent=79155"}],"wp:term":[{"taxonomy":"category","embeddable":true,"href":"https:\/\/linitiative.ca\/International\/wp-json\/wp\/v2\/categories?post=79155"},{"taxonomy":"post_tag","embeddable":true,"href":"https:\/\/linitiative.ca\/International\/wp-json\/wp\/v2\/tags?post=79155"}],"curies":[{"name":"wp","href":"https:\/\/api.w.org\/{rel}","templated":true}]}}