{"id":79161,"date":"2020-03-15T16:16:05","date_gmt":"2020-03-15T20:16:05","guid":{"rendered":"https:\/\/linitiative.ca\/International\/meeting-de-lopposition-contre-la-revision-constitutionnelle-en-rci\/"},"modified":"2020-03-15T16:16:05","modified_gmt":"2020-03-15T20:16:05","slug":"meeting-de-lopposition-contre-la-revision-constitutionnelle-en-rci","status":"publish","type":"post","link":"https:\/\/linitiative.ca\/International\/meeting-de-lopposition-contre-la-revision-constitutionnelle-en-rci\/","title":{"rendered":"MEETING DE L\u2019OPPOSITION CONTRE LA REVISION CONSTITUTIONNELLE EN RCI"},"content":{"rendered":"<div class=\"stream-item stream-item-above-post-content\">\n<p><noscript><\/p>\n<p><a href=\"\/\/www3.smartadserver.com\/ac?jump=1&amp;nwid=2136&amp;siteid=240610&amp;pgname=rg&amp;fmtid=49046&amp;visit=m&amp;tmstp=[timestamp]&amp;out=nonrich\" target=\"_blank\" rel=\"noopener noreferrer\"><img decoding=\"async\" src=\"http:\/\/www3.smartadserver.com\/ac?out=nonrich&amp;nwid=2136&amp;siteid=240610&amp;pgname=rg&amp;fmtid=49046&amp;visit=m&amp;tmstp=[timestamp]\" border=\"0\" alt=\"\"\/><\/a><\/p>\n<p><\/noscript><\/div>\n<p class=\"c3\"><em>Tout comme en Guin\u00e9e, la r\u00e9vision constitutionnelle initi\u00e9e par le pr\u00e9sident Alassane Dramane Ouattara (ADO), continue de faire des gorges chaudes en C\u00f4te d\u2019Ivoire. En t\u00e9moigne le m\u00e9ga-meeting organis\u00e9 le 15 mars dernier par les partis de l\u2019opposition dont le Front populaire ivoirien (FPI) et le Parti d\u00e9mocratique de C\u00f4te d\u2019Ivoire (PDCI) pour dire \u00ab\u00a0non au tripatouillage\u00a0\u00bb de la Constitution vot\u00e9e en 2016 et dont les m\u00e9rites, disent-ils, ont \u00e9t\u00e9 vant\u00e9s par le pr\u00e9sident ADO himself. Pour eux, les modifications annonc\u00e9es sont inopportunes et n\u2019apporteront rien de nouveau \u00e0 la d\u00e9mocratie ivoirienne. D\u00e9j\u00e0, le 12 mars dernier, les groupes parlementaires de l\u2019opposition avaient annonc\u00e9 la couleur en claquant la porte de l\u2019h\u00e9micycle. Ils d\u00e9non\u00e7aient, entre autres, des vices de proc\u00e9dure et le court d\u00e9lai consacr\u00e9 aux travaux li\u00e9s \u00e0 la r\u00e9forme constitutionnelle que le pouvoir ivoirien appelle de tous ses v\u0153ux. Mais que veut-on au juste modifier\u00a0? Dans son discours devant les d\u00e9put\u00e9s et s\u00e9nateurs r\u00e9unis en congr\u00e8s, en d\u00e9but mars, ADO avait dessin\u00e9 les grands contours de cette r\u00e9vision constitutionnelle. Il s\u2019agit de la p\u00e9rennisation de la nomination du vice-pr\u00e9sident par le pr\u00e9sident \u00e9lu avec l\u2019accord du parlement au d\u00e9triment du ticket pr\u00e9sidentiel. Et ce n\u2019est pas tout. ADO propose une continuit\u00e9 du pouvoir l\u00e9gislatif, c\u2019est-\u00e0-dire qu\u2019en cas d\u2019impossibilit\u00e9 d\u2019organiser les \u00e9lections l\u00e9gislatives dans les d\u00e9lais requis, le parlement reste en place. Le dernier point concerne la disparition de la Cour supr\u00eame de l\u2019appareil judiciaire ivoirien.<\/em><\/p>\n<p class=\"c3\"><strong><em>Une Constitution adopt\u00e9e dans la division, constitue une v\u00e9ritable bombe \u00e0 retardement<\/em><\/strong><\/p>\n<p class=\"c3\"><em>Autres cieux, autres r\u00e9alit\u00e9s, est-on tent\u00e9 de dire. Car, si en Guin\u00e9e, l\u2019opposition et la soci\u00e9t\u00e9 civile voient dans le projet de r\u00e9vision constitutionnelle du pr\u00e9sident Alpha Cond\u00e9, une volont\u00e9 de s\u2019accrocher au pouvoir, il en va autrement pour la C\u00f4te d\u2019Ivoire o\u00f9 en plus d\u2019avoir annonc\u00e9 qu\u2019il ne briguerait pas un troisi\u00e8me mandat, ADO s\u2019est d\u00e9j\u00e0 choisi un dauphin, en la personne d\u2019Amadou Gon Coulibaly, l\u2019actuel chef du gouvernement. Dans ce dernier cas, l\u2019opposition s\u2019interroge plus sur l\u2019opportunit\u00e9 du toilettage constitutionnel alors qu\u2019en Guin\u00e9e, on voit se dessiner manifestement une remise en cause de la d\u00e9mocratie. Comparaison \u00e9tant ici raison, on peut affirmer sans risque de se tromper que pendant que ADO cherche \u00e0 sortir de l\u2019histoire par la grande porte, Alpha Cond\u00e9, lui, appara\u00eet comme un fossoyeur de la d\u00e9mocratie dans la sous-r\u00e9gion ouest-africaine o\u00f9 la tendance est de plus en plus \u00e0 deux mandats pr\u00e9sidentiels. C\u2019est pourquoi, afin de parachever ce qu\u2019il a bien commenc\u00e9, ADO gagnerait \u00e0 se montrer d\u00e9mocrate jusqu\u2019au bout et cela, en travaillant \u00e0 chercher un consensus avec l\u2019ensemble des acteurs politiques ivoiriens. Cela est d\u2019autant plus n\u00e9cessaire qu\u2019une Constitution, si elle est adopt\u00e9e dans la division, constitue une v\u00e9ritable bombe \u00e0 retardement aux cons\u00e9quences impr\u00e9visibles. Surtout qu\u2019en plus de la loi fondamentale, la r\u00e9forme de la Commission \u00e9lectorale ind\u00e9pendance (CEI) continue aussi de faire d\u00e9bat.<\/em><\/p>\n<p class=\"c3\"><strong><em>B.O<\/em><\/strong><\/p>\n<p>Auteur: Le Pays<br \/>\n<a href=\"http:\/\/lepays.bf\/meeting-de-lopposition-contre-la-revision-constitutionnelle-en-rci\/\">Cliquez ici pour lire l&rsquo;article depuis sa source.<\/a><\/p>\n","protected":false},"excerpt":{"rendered":"<p>Tout comme en Guin\u00e9e, la r\u00e9vision constitutionnelle initi\u00e9e par le pr\u00e9sident Alassane Dramane Ouattara (ADO), continue de faire des gorges chaudes en C\u00f4te d\u2019Ivoire. En t\u00e9moigne le m\u00e9ga-meeting organis\u00e9 le 15 mars dernier par les partis de l\u2019opposition dont le Front populaire ivoirien (FPI) et le Parti d\u00e9mocratique de C\u00f4te d\u2019Ivoire (PDCI) pour dire \u00ab\u00a0non [&hellip;]<\/p>\n","protected":false},"author":1813,"featured_media":0,"comment_status":"closed","ping_status":"closed","sticky":false,"template":"","format":"standard","meta":{"fifu_image_url":"","fifu_image_alt":"","footnotes":""},"categories":[73,81],"tags":[],"class_list":["post-79161","post","type-post","status-publish","format-standard","hentry","category-actualite","category-burkina-faso"],"_links":{"self":[{"href":"https:\/\/linitiative.ca\/International\/wp-json\/wp\/v2\/posts\/79161","targetHints":{"allow":["GET"]}}],"collection":[{"href":"https:\/\/linitiative.ca\/International\/wp-json\/wp\/v2\/posts"}],"about":[{"href":"https:\/\/linitiative.ca\/International\/wp-json\/wp\/v2\/types\/post"}],"author":[{"embeddable":true,"href":"https:\/\/linitiative.ca\/International\/wp-json\/wp\/v2\/users\/1813"}],"replies":[{"embeddable":true,"href":"https:\/\/linitiative.ca\/International\/wp-json\/wp\/v2\/comments?post=79161"}],"version-history":[{"count":0,"href":"https:\/\/linitiative.ca\/International\/wp-json\/wp\/v2\/posts\/79161\/revisions"}],"wp:attachment":[{"href":"https:\/\/linitiative.ca\/International\/wp-json\/wp\/v2\/media?parent=79161"}],"wp:term":[{"taxonomy":"category","embeddable":true,"href":"https:\/\/linitiative.ca\/International\/wp-json\/wp\/v2\/categories?post=79161"},{"taxonomy":"post_tag","embeddable":true,"href":"https:\/\/linitiative.ca\/International\/wp-json\/wp\/v2\/tags?post=79161"}],"curies":[{"name":"wp","href":"https:\/\/api.w.org\/{rel}","templated":true}]}}