{"id":79162,"date":"2020-03-15T16:20:01","date_gmt":"2020-03-15T20:20:01","guid":{"rendered":"https:\/\/linitiative.ca\/International\/liberation-de-deux-otages-occidentaux-au-mali\/"},"modified":"2020-03-15T16:20:01","modified_gmt":"2020-03-15T20:20:01","slug":"liberation-de-deux-otages-occidentaux-au-mali","status":"publish","type":"post","link":"https:\/\/linitiative.ca\/International\/liberation-de-deux-otages-occidentaux-au-mali\/","title":{"rendered":"LIBERATION DE DEUX OTAGES OCCIDENTAUX AU MALI"},"content":{"rendered":"<div class=\"stream-item stream-item-above-post-content\">\n<p><noscript><\/p>\n<p><a href=\"\/\/www3.smartadserver.com\/ac?jump=1&amp;nwid=2136&amp;siteid=240610&amp;pgname=rg&amp;fmtid=49046&amp;visit=m&amp;tmstp=[timestamp]&amp;out=nonrich\" target=\"_blank\" rel=\"noopener noreferrer\"><img decoding=\"async\" src=\"http:\/\/www3.smartadserver.com\/ac?out=nonrich&amp;nwid=2136&amp;siteid=240610&amp;pgname=rg&amp;fmtid=49046&amp;visit=m&amp;tmstp=[timestamp]\" border=\"0\" alt=\"\"\/><\/a><\/p>\n<p><\/noscript><\/div>\n<p class=\"c3\"><em>On ne sait toujours pas grand-chose sur la libert\u00e9 retrouv\u00e9e de la Canadienne Edith Blais et de son ami italien Luca Tacchetto, vendredi dernier, apr\u00e8s plus de 15 mois de d\u00e9tention. On sait, en revanche, que ces ex- otages qui avaient miraculeusement disparu entre les villes burkinab\u00e8 de Bobo-Dioulasso et Ouagadougou, en d\u00e9cembre 2018, alors qu\u2019ils \u00e9taient en partance pour le Togo pour un projet de reforestation, ont \u00e9t\u00e9 r\u00e9cup\u00e9r\u00e9s par la mission onusienne non loin de la ville frondeuse de Kidal, avant d\u2019\u00eatre transf\u00e9r\u00e9s \u00e0 Bamako. On peut dire, grosso modo, que c\u2019est le flou total qui entoure jusqu\u2019ici cette affaire, depuis son commencement au Burkina Faso jusqu\u2019\u00e0 son d\u00e9nouement dans le Nord d\u00e9sertique du Mali, d\u2019autant qu\u2019on ne conna\u00eet ni l\u2019identit\u00e9 des ravisseurs, ni les conditions de leur lib\u00e9ration. Dans le cas d\u2019esp\u00e8ce, on ne peut que se perdre en conjectures en attendant que d\u2019improbables bribes d\u2019informations ne viennent soit des ravisseurs, soit des ex-otages, pour lever d\u00e9finitivement le voile de l\u2019opacit\u00e9 sur cette histoire digne d\u2019un film de science-fiction. On pourrait commencer par le prologue ou le d\u00e9but de cette descente aux enfers de ces deux tourtereaux, en nous posant des questions sur l\u2019identit\u00e9 de leurs ravisseurs et leurs motivations, alors que le lieu du rapt n\u2019\u00e9tait pas \u00ab\u00a0d\u00e9conseill\u00e9 sauf raison imp\u00e9rative\u00a0\u00bb aux Occidentaux. Il est \u00e9videmment difficile de mettre un nom sur le groupe qui a agi en plein jour et dans le Centre-Ouest du pays jusqu\u2019ici \u00e9pargn\u00e9 par le terrorisme, mais il est certain qu\u2019il s\u2019agissait de professionnels du crime pleins d\u2019audace. Les ravisseurs ont certainement profit\u00e9 de la \u00ab\u00a0putr\u00e9faction\u00a0\u00bb de la situation s\u00e9curitaire au Nord du Burkina du fait de l\u2019entrem\u00ealement dans cette partie du pays, des actes crapuleux, des attaques djihadistes et des violences intercommunautaires, pour faire du rod\u00e9o jusqu\u2019\u00e0 l\u2019extr\u00eame Nord-Est du Mali o\u00f9 ils avaient s\u00e9questr\u00e9 les ex- otages.<\/em><\/p>\n<p class=\"c3\"><strong><em>La th\u00e8se de l\u2019\u00e9vasion peut \u00eatre cr\u00e9dible<\/em><\/strong><\/p>\n<p class=\"c3\"><em>Dans ces zones situ\u00e9es de part et d\u2019autre de ces deux fronti\u00e8res poreuses, c\u2019est le Groupe de soutien \u00e0 l\u2019islam et aux musulmans de Iyad Ag Ghali et de Hamadou Koufa, qui est le plus actif, et on pourrait, de ce fait, lui attribuer la paternit\u00e9 de cette prise d\u2019otages. Toutefois, il n\u2019est pas exclu que ce soit l\u2019\u0153uvre de t\u00eates br\u00fbl\u00e9es qui sont pass\u00e9es \u00e0 l\u2019acte en vue de \u00ab\u00a0revendre\u00a0\u00bb le duo qui, a priori, a une forte valeur marchande, au mieux-disant des groupes terroristes qui ont mis l\u2019ensemble du Sahel sous coupe r\u00e9gl\u00e9e. En clair, le myst\u00e8re reste entier sur cet enl\u00e8vement et sur le transf\u00e8rement des otages dans l\u2019Adrar des Ifoghas, tout comme des zones d\u2019ombres entourent les conditions de leur lib\u00e9ration. Le sc\u00e9nario de leur \u00e9vasion qui nous a \u00e9t\u00e9 cont\u00e9 par les ex-otages eux-m\u00eames, est digne d\u2019un roman d\u2019aventure, puisqu\u2019ils se seraient fait la belle \u00e0 l\u2019insu de leurs gardiens, alors qu\u2019ils \u00e9taient dans le plus profond des p\u00e9trins. Aussi surr\u00e9aliste qu\u2019elle puisse \u00eatre, cette hypoth\u00e8se ne peut \u00eatre balay\u00e9e du revers de la main, d\u2019autant qu\u2019il y a eu des pr\u00e9c\u00e9dents ici en Afrique, au Nigeria et en Somalie notamment. Le Fran\u00e7ais Francis Collomp avait \u00e9t\u00e9, en effet, pris en otage en d\u00e9cembre 2012 par le groupe Ansaru au Nord du Nigeria, mais avait r\u00e9ussi \u00e0 fausser compagnie \u00e0 son ange-gardien en novembre 2013, alors que ce dernier entamait sa pri\u00e8re en oubliant malencontreusement de refermer la porte de sa cellule. Toujours au Nigeria, plusieurs dizaines de captives de Boko Haram avaient profit\u00e9 de l\u2019absence de leurs ge\u00f4liers qui \u00e9taient aux prises avec l\u2019arm\u00e9e nig\u00e9riane, pour s\u2019\u00e9vader et rejoindre leurs familles. Comme dernier exemple, on peut citer le cas de ce membre de la Direction g\u00e9n\u00e9rale de la s\u00e9curit\u00e9 ext\u00e9rieure (DGSE) de la France qui avait \u00e9t\u00e9 kidnapp\u00e9 en 2009 par un groupe de la faction somalienne du Hizbul Islam, mais avait r\u00e9ussi \u00e0 semer discr\u00e8tement ses ravisseurs en ao\u00fbt de la m\u00eame ann\u00e9e, avant d\u2019\u00eatre r\u00e9cup\u00e9r\u00e9 par les forces du gouvernement f\u00e9d\u00e9ral de transition. Ainsi donc, la th\u00e8se de l\u2019\u00e9vasion peut \u00eatre cr\u00e9dible, pour peu qu\u2019on nous relate les circonstances dans lesquelles elle est intervenue\u00a0: ont-ils profit\u00e9 de la pri\u00e8re du vendredi que ne devraient pas rater, en principe, leurs ravisseurs, pour se fondre dans la nature \u00e0 la Francis Collomp\u00a0? Ou ont-ils pris la cl\u00e9 des champs comme les Nig\u00e9rianes, au moment o\u00f9 leurs \u00ab\u00a0ma\u00eetres\u00a0\u00bb se battaient contre un autre groupe arm\u00e9\u00a0? Et s\u2019ils ont \u00e9t\u00e9 tout simplement lib\u00e9r\u00e9s par d\u00e9pit, parce qu\u2019ils n\u2019ont pas pu \u00eatre \u00ab\u00a0vendus\u00a0\u00bb \u00e0 temps, et parce qu\u2019il devenait de plus en plus risqu\u00e9 de les garder dans le contexte de d\u00e9crispation actuelle (red\u00e9ploiement de l\u2019arm\u00e9e \u00e0 Kidal et r\u00e9cent s\u00e9jour du chef de gouvernement malien dans ladite ville rebelle) et dans une zone plus que jamais militaris\u00e9e\u00a0? On n\u2019a malheureusement pas de r\u00e9ponses \u00e0 toutes ces questions, pas plus qu\u2019\u00e0 celle relative au versement \u00e9ventuel d\u2019une ran\u00e7on, m\u00eame si le patron de la mission onusienne au Mali, Mahamat Saleh Annadif, a \u00e9cart\u00e9 cette derni\u00e8re hypoth\u00e8se. Pour autant, il n\u2019est pas exclu que la lib\u00e9ration de l\u2019Italienne et de son compagnon canadien d\u2019infortune ait \u00e9t\u00e9 obtenue contre paiement d\u2019esp\u00e8ces sonnantes et tr\u00e9buchantes, d\u2019autant que leurs pays respectifs ont d\u00e9j\u00e0 eu \u00e0 cracher au bassinet pour lib\u00e9rer leurs citoyens. C\u2019\u00e9tait le cas en 2008, lorsque deux diplomates canadiens, Louis Guay et Robert Fowler, ont \u00e9t\u00e9 enlev\u00e9s par Al Moulathamoune de Mokhtar Belmokhtar, et en 2012 quand l\u2019Italienne Maria Sandra Mariani enlev\u00e9e dans le Sud de l\u2019Alg\u00e9rie par Aqmi une ann\u00e9e plus t\u00f4t, a \u00e9t\u00e9 lib\u00e9r\u00e9e au Nord-Mali. Pour des raisons \u00e9videntes, ces deux Etats se font passer pour des partisans de la ligne dure contre les paiements de ran\u00e7ons, mais dans les coulisses, on sait bien qu\u2019ils se sont montr\u00e9s plus d\u2019une fois flexibles et\u2026ouverts au dialogue avec les kidnappeurs. Quoi qu\u2019il en soit, pour Edith Blais et pour Luca Tacchetto, ainsi que pour leurs familles respectives, le plus important est qu\u2019ils puissent enfin respirer l\u2019air de la libert\u00e9 et qu\u2019ils soient en apparente bonne sant\u00e9, malgr\u00e9 les conditions de d\u00e9tention qu\u2019on imagine infernales.<\/em><\/p>\n<p class=\"c3\"><strong><em>Hamadou GADIAGA<\/em><\/strong><\/p>\n<p>Auteur: Le Pays<br \/>\n<a href=\"http:\/\/lepays.bf\/liberation-de-deux-otages-occidentaux-au-mali\/\">Cliquez ici pour lire l&rsquo;article depuis sa source.<\/a><\/p>\n","protected":false},"excerpt":{"rendered":"<p>On ne sait toujours pas grand-chose sur la libert\u00e9 retrouv\u00e9e de la Canadienne Edith Blais et de son ami italien Luca Tacchetto, vendredi dernier, apr\u00e8s plus de 15 mois de d\u00e9tention. On sait, en revanche, que ces ex- otages qui avaient miraculeusement disparu entre les villes burkinab\u00e8 de Bobo-Dioulasso et Ouagadougou, en d\u00e9cembre 2018, alors [&hellip;]<\/p>\n","protected":false},"author":1813,"featured_media":0,"comment_status":"closed","ping_status":"closed","sticky":false,"template":"","format":"standard","meta":{"fifu_image_url":"","fifu_image_alt":"","footnotes":""},"categories":[73,81],"tags":[],"class_list":["post-79162","post","type-post","status-publish","format-standard","hentry","category-actualite","category-burkina-faso"],"_links":{"self":[{"href":"https:\/\/linitiative.ca\/International\/wp-json\/wp\/v2\/posts\/79162","targetHints":{"allow":["GET"]}}],"collection":[{"href":"https:\/\/linitiative.ca\/International\/wp-json\/wp\/v2\/posts"}],"about":[{"href":"https:\/\/linitiative.ca\/International\/wp-json\/wp\/v2\/types\/post"}],"author":[{"embeddable":true,"href":"https:\/\/linitiative.ca\/International\/wp-json\/wp\/v2\/users\/1813"}],"replies":[{"embeddable":true,"href":"https:\/\/linitiative.ca\/International\/wp-json\/wp\/v2\/comments?post=79162"}],"version-history":[{"count":0,"href":"https:\/\/linitiative.ca\/International\/wp-json\/wp\/v2\/posts\/79162\/revisions"}],"wp:attachment":[{"href":"https:\/\/linitiative.ca\/International\/wp-json\/wp\/v2\/media?parent=79162"}],"wp:term":[{"taxonomy":"category","embeddable":true,"href":"https:\/\/linitiative.ca\/International\/wp-json\/wp\/v2\/categories?post=79162"},{"taxonomy":"post_tag","embeddable":true,"href":"https:\/\/linitiative.ca\/International\/wp-json\/wp\/v2\/tags?post=79162"}],"curies":[{"name":"wp","href":"https:\/\/api.w.org\/{rel}","templated":true}]}}