{"id":79163,"date":"2020-03-15T02:17:44","date_gmt":"2020-03-15T06:17:44","guid":{"rendered":"https:\/\/linitiative.ca\/International\/coronavirus-au-burkina-les-etablissements-scolaires-et-universitaires-fermes-communique\/"},"modified":"2020-03-15T02:17:44","modified_gmt":"2020-03-15T06:17:44","slug":"coronavirus-au-burkina-les-etablissements-scolaires-et-universitaires-fermes-communique","status":"publish","type":"post","link":"https:\/\/linitiative.ca\/International\/coronavirus-au-burkina-les-etablissements-scolaires-et-universitaires-fermes-communique\/","title":{"rendered":"Coronavirus au Burkina: les \u00e9tablissements scolaires et universitaires ferm\u00e9s (communiqu\u00e9)"},"content":{"rendered":"<div class=\"td-post-featured-image\"><a href=\"https:\/\/i2.wp.com\/www.sidwaya.info\/wp-content\/uploads\/2020\/03\/images.jpg?fit=427%2C239&amp;ssl=1\" data-caption=\"\"><img loading=\"lazy\" decoding=\"async\" width=\"427\" height=\"239\" class=\"entry-thumb td-modal-image\" src=\"https:\/\/i2.wp.com\/www.sidwaya.info\/wp-content\/uploads\/2020\/03\/images.jpg?resize=427,239&amp;ssl=1\" srcset=\"https:\/\/i2.wp.com\/www.sidwaya.info\/wp-content\/uploads\/2020\/03\/images.jpg?w=427&amp;ssl=1 427w, https:\/\/i2.wp.com\/www.sidwaya.info\/wp-content\/uploads\/2020\/03\/images.jpg?resize=300%2C168&amp;ssl=1 300w\" sizes=\"auto, (max-width: 427px) 100vw, 427px\" alt=\"\" title=\"images\"\/><\/a><\/div>\n<p>Le gouvernement du Burkina Faso, dans un communiqu\u00e9 a annonce le samedi dans la soir\u00e9e la fermeture des \u00e9tablissements scolaires et universitaires du 16 au 31 mars prochain, \u00e0 cause de la pand\u00e9mie du coronavirus<em>.Le pays\u00a0 compte \u00e0 la date du 14 mars 2020, 7 cas confirm\u00e9s de COVID-19 et une dizaine de cas suspects sont en observation (ministre de la sant\u00e9).<\/em><\/p>\n<p>Lire le communiqu\u00e9 ci-dessous<\/p>\n<p><img loading=\"lazy\" decoding=\"async\" class=\"alignleft size-full wp-image-19955\" src=\"https:\/\/i0.wp.com\/www.sidwaya.info\/wp-content\/uploads\/2020\/03\/corona-2.jpg?resize=600,777&amp;ssl=1\" alt=\"\" width=\"600\" height=\"777\" srcset=\"https:\/\/i0.wp.com\/www.sidwaya.info\/wp-content\/uploads\/2020\/03\/corona-2.jpg?w=600&amp;ssl=1 600w, https:\/\/i0.wp.com\/www.sidwaya.info\/wp-content\/uploads\/2020\/03\/corona-2.jpg?resize=232%2C300&amp;ssl=1 232w, https:\/\/i0.wp.com\/www.sidwaya.info\/wp-content\/uploads\/2020\/03\/corona-2.jpg?resize=324%2C420&amp;ssl=1 324w\" sizes=\"auto, (max-width: 600px) 100vw, 600px\" data-recalc-dims=\"1\"\/><\/p>\n<div class=\"td-a-rec td-a-rec-id-content_bottom tdi_30_b4e td_block_template_1\"><img loading=\"lazy\" decoding=\"async\" class=\"aligncenter size-full wp-image-9623\" src=\"https:\/\/www.sidwaya.info\/wp-content\/uploads\/2019\/06\/Projet-bannie\u0300re-Orange-mobile.jpg\" alt=\"\" width=\"728\" height=\"81\"\/><\/div>\n<p>Auteur: BS. Sidwaya<br \/>\n<a href=\"https:\/\/www.sidwaya.info\/blog\/2020\/03\/15\/coronavirus-au-burkina-les-etablissements-scolaires-et-universitaires-fermes-communique\/\">Cliquez ici pour lire l&rsquo;article depuis sa source.<\/a><\/p>\n","protected":false},"excerpt":{"rendered":"<p>Le gouvernement du Burkina Faso, dans un communiqu\u00e9 a annonce le samedi dans la soir\u00e9e la fermeture des \u00e9tablissements scolaires et universitaires du 16 au 31 mars prochain, \u00e0 cause de la pand\u00e9mie du coronavirus.Le pays\u00a0 compte \u00e0 la date du 14 mars 2020, 7 cas confirm\u00e9s de COVID-19 et une dizaine de cas suspects [&hellip;]<\/p>\n","protected":false},"author":1816,"featured_media":0,"comment_status":"closed","ping_status":"closed","sticky":false,"template":"","format":"standard","meta":{"fifu_image_url":"","fifu_image_alt":"","footnotes":""},"categories":[73,81],"tags":[],"class_list":["post-79163","post","type-post","status-publish","format-standard","hentry","category-actualite","category-burkina-faso"],"_links":{"self":[{"href":"https:\/\/linitiative.ca\/International\/wp-json\/wp\/v2\/posts\/79163","targetHints":{"allow":["GET"]}}],"collection":[{"href":"https:\/\/linitiative.ca\/International\/wp-json\/wp\/v2\/posts"}],"about":[{"href":"https:\/\/linitiative.ca\/International\/wp-json\/wp\/v2\/types\/post"}],"author":[{"embeddable":true,"href":"https:\/\/linitiative.ca\/International\/wp-json\/wp\/v2\/users\/1816"}],"replies":[{"embeddable":true,"href":"https:\/\/linitiative.ca\/International\/wp-json\/wp\/v2\/comments?post=79163"}],"version-history":[{"count":0,"href":"https:\/\/linitiative.ca\/International\/wp-json\/wp\/v2\/posts\/79163\/revisions"}],"wp:attachment":[{"href":"https:\/\/linitiative.ca\/International\/wp-json\/wp\/v2\/media?parent=79163"}],"wp:term":[{"taxonomy":"category","embeddable":true,"href":"https:\/\/linitiative.ca\/International\/wp-json\/wp\/v2\/categories?post=79163"},{"taxonomy":"post_tag","embeddable":true,"href":"https:\/\/linitiative.ca\/International\/wp-json\/wp\/v2\/tags?post=79163"}],"curies":[{"name":"wp","href":"https:\/\/api.w.org\/{rel}","templated":true}]}}