{"id":79164,"date":"2020-03-15T13:18:06","date_gmt":"2020-03-15T17:18:06","guid":{"rendered":"https:\/\/linitiative.ca\/International\/coronavirus-un-conseiller-du-pm-congolais-teste-positif\/"},"modified":"2020-03-15T13:18:06","modified_gmt":"2020-03-15T17:18:06","slug":"coronavirus-un-conseiller-du-pm-congolais-teste-positif","status":"publish","type":"post","link":"https:\/\/linitiative.ca\/International\/coronavirus-un-conseiller-du-pm-congolais-teste-positif\/","title":{"rendered":"Coronavirus : Un conseiller du PM congolais test\u00e9 positif"},"content":{"rendered":"<div readability=\"32\">\n<p>Publi\u00e9 le 15.03.2020 \u00e0 18h18 par APA News<\/p>\n<\/div>\n<div readability=\"66\">\n<p>Un conseiller du Premier ministre congolais, Cl\u00e9ment Mouamba, qui est revenu d\u2019une mission officielle fin f\u00e9vrier en Europe a \u00e9t\u00e9 test\u00e9 positif au coronavirus et est suivi par des m\u00e9decins d\u2019un centre hospitalier de Brazzaville, a appris APA ce dimanche de source sanitaire.Selon la source, il y a de r\u00e9els risques de propagation du virus, compte tenu des personnes ayant \u00e9t\u00e9 en contact avec le patient.<\/p>\n<p>Le conseiller en question a particip\u00e9 avec le Premier ministre aux grands \u00e9v\u00e8nements au niveau national, notamment l\u2019inauguration de la route Semb\u00e9 \u2013Souank\u00e9 \u2013Ntam \u00e0 la fronti\u00e8re entre le Congo et le Cameroun le 6 mars dernier ou encore la r\u00e9union du Comit\u00e9 de haut niveau de l\u2019Union Africaine sur la crise libyenne du 12 mars dernier \u00e0 Oyo \u00e0 415 km au nord de Brazzaville.<\/p>\n<p>La source ajoute que m\u00eame le Premier ministre qui \u00e9tait avec son conseiller en mission en Europe, a subi un test dont les r\u00e9sultats seront connus d\u2019ici lundi 16 mars.<\/p>\n<p>En effet, tout le personnel de la primature congolaise devrait \u00eatre mis en quarantaine et subir des tests, puisque le conseiller test\u00e9 positif se rendait \u00e0 son travail.<\/p>\n<p>Les populations qui craignent une explosion de la pand\u00e9mie du Coronavirus d\u2019ici l\u00e0, accusent le relativisme dont fait montre le gouvernement face \u00e0 ce virus, alors que dans d\u2019autres pays des mesures draconiennes ont \u00e9t\u00e9 d\u00e9j\u00e0 prises pour contrer la pand\u00e9mie.<\/p>\n<p>Le ton monte au sein de la population pour d\u00e9noncer le non-respect de la mise en quarantaine des officiels, des diplomates et autres citoyens d\u00e8s leur arriv\u00e9e tel que d\u00e9cr\u00e9t\u00e9 par le minist\u00e8re en charge des Affaires \u00e9trang\u00e8res et celui de la Sant\u00e9.<\/p>\n<\/div>\n<p>Auteur: APA News<br \/>\n<a href=\"https:\/\/www.journalducameroun.com\/coronavirus-un-conseiller-du-pm-congolais-teste-positif\/\">Cliquez ici pour lire l&rsquo;article depuis sa source.<\/a><\/p>\n","protected":false},"excerpt":{"rendered":"<p>Publi\u00e9 le 15.03.2020 \u00e0 18h18 par APA News Un conseiller du Premier ministre congolais, Cl\u00e9ment Mouamba, qui est revenu d\u2019une mission officielle fin f\u00e9vrier en Europe a \u00e9t\u00e9 test\u00e9 positif au coronavirus et est suivi par des m\u00e9decins d\u2019un centre hospitalier de Brazzaville, a appris APA ce dimanche de source sanitaire.Selon la source, il y [&hellip;]<\/p>\n","protected":false},"author":1965,"featured_media":0,"comment_status":"closed","ping_status":"closed","sticky":false,"template":"","format":"standard","meta":{"fifu_image_url":"","fifu_image_alt":"","footnotes":""},"categories":[73,82],"tags":[],"class_list":["post-79164","post","type-post","status-publish","format-standard","hentry","category-actualite","category-cameroun"],"_links":{"self":[{"href":"https:\/\/linitiative.ca\/International\/wp-json\/wp\/v2\/posts\/79164","targetHints":{"allow":["GET"]}}],"collection":[{"href":"https:\/\/linitiative.ca\/International\/wp-json\/wp\/v2\/posts"}],"about":[{"href":"https:\/\/linitiative.ca\/International\/wp-json\/wp\/v2\/types\/post"}],"author":[{"embeddable":true,"href":"https:\/\/linitiative.ca\/International\/wp-json\/wp\/v2\/users\/1965"}],"replies":[{"embeddable":true,"href":"https:\/\/linitiative.ca\/International\/wp-json\/wp\/v2\/comments?post=79164"}],"version-history":[{"count":0,"href":"https:\/\/linitiative.ca\/International\/wp-json\/wp\/v2\/posts\/79164\/revisions"}],"wp:attachment":[{"href":"https:\/\/linitiative.ca\/International\/wp-json\/wp\/v2\/media?parent=79164"}],"wp:term":[{"taxonomy":"category","embeddable":true,"href":"https:\/\/linitiative.ca\/International\/wp-json\/wp\/v2\/categories?post=79164"},{"taxonomy":"post_tag","embeddable":true,"href":"https:\/\/linitiative.ca\/International\/wp-json\/wp\/v2\/tags?post=79164"}],"curies":[{"name":"wp","href":"https:\/\/api.w.org\/{rel}","templated":true}]}}