{"id":79165,"date":"2020-03-15T14:09:38","date_gmt":"2020-03-15T18:09:38","guid":{"rendered":"https:\/\/linitiative.ca\/International\/cameroun-18-millions-fcfa-par-an-pour-cavaye-yeguie-djibril-en-cas-de-retraite\/"},"modified":"2020-03-15T14:09:38","modified_gmt":"2020-03-15T18:09:38","slug":"cameroun-18-millions-fcfa-par-an-pour-cavaye-yeguie-djibril-en-cas-de-retraite","status":"publish","type":"post","link":"https:\/\/linitiative.ca\/International\/cameroun-18-millions-fcfa-par-an-pour-cavaye-yeguie-djibril-en-cas-de-retraite\/","title":{"rendered":"Cameroun : 18 millions Fcfa par an pour Cavaye Y\u00e9gui\u00e9 Djibril en cas de retraite"},"content":{"rendered":"<div readability=\"32\">\n<p>Publi\u00e9 le 15.03.2020 \u00e0 19h09 par journal du cameroun<\/p>\n<\/div>\n<div readability=\"74\">\n<h2 class=\"c3\">Le pr\u00e9sident de l\u2019Assembl\u00e9e nationale du Cameroun se serait offert des avantages princiers dans le cas o\u00f9 il ne serait pas r\u00e9\u00e9lu au perchoir.<\/h2>\n<p class=\"c4\">Alors que la pol\u00e9mique coure sur l\u2019absence du <em>\u00ab\u00a0tr\u00e8s honorable\u00a0\u00bb<\/em> Cavaye Y\u00e9gui\u00e9 Djiril depuis le d\u00e9but de la session parlementaire, le 10 mars dernier, un confidentiel de Jeune Afrique r\u00e9v\u00e8le les avantages que le pr\u00e9sident de l\u2019Assembl\u00e9e nationale s\u2019est garanti dans l\u2019hypoth\u00e8se o\u00f9 il n\u2019est pas reconduit \u00e0 la t\u00eate de l\u2019institution.<\/p>\n<p class=\"c4\">Selon ce journal, en 2005, le pr\u00e9sident de <strong>l\u2019Assembl\u00e9e nationale du Cameroun<\/strong> signe une note fixant ses avantages. Pas moins de 18 millions Fcfa par an, soit plus d\u2019un million par mois.<\/p>\n<p class=\"c4\">Ceci en plus d\u2019une indemnit\u00e9 en eau de 150\u00a0000 Fcfa par mois, 250\u00a0000 mensuel pour l\u2019\u00e9lectricit\u00e9,\u00a0 et 250\u00a0000 Fcfa par mois en frais de t\u00e9l\u00e9phone.<\/p>\n<p class=\"c4\">Le d\u00e9put\u00e9 Rdpc de Mada (r\u00e9gion de l\u2019Extr\u00eame-nord) ne manque pas de se garantir 1000 litres de carburant par mois et une Mercedes de type 300 \u00a0allou\u00e9e\u00a0<em>\u00ab\u00a0 \u00e0 titre d\u00e9finitif et renouvel\u00e9 tous les dix ans tant que l\u2019ancien pr\u00e9sident est encore en vie\u00a0\u00bb<\/em>. Cette gracieuse pension retraire inclut une villa haut standing dans la ville de Yaound\u00e9. Le tout sur le budget de l\u2019institution.<\/p>\n<p class=\"c4\">Le r\u00e8glement int\u00e9rieur de l\u2019Assembl\u00e9e nationale pr\u00e9voit en effet que le pr\u00e9sident est \u00e9lu tous les ans en d\u00e9but d\u2019ann\u00e9e l\u00e9gislative, au mois de mars.<\/p>\n<p class=\"c4\">Pr\u00e9sident de l\u2019institution sans discontinuit\u00e9 depuis 1992 et \u00e2g\u00e9 aujourd\u2019hui de 80 ans, cette disposition met le d\u00e9put\u00e9 de Mada sur le grill tous les ans \u00e0 la m\u00eame p\u00e9riode, ne sachant si le pr\u00e9sident de la R\u00e9publique lui accordera encore sa confiance.<\/p>\n<p class=\"c4\">Cavaye Y\u00e9gui\u00e9 Djibril est absent du pays depuis plusieurs semaines d\u00e9j\u00e0. Des indiscr\u00e9tions le disent en France pour raison m\u00e9dicale apr\u00e8s une infection m\u00e9dicamenteuse.<\/p>\n<p class=\"c4\">D\u2019autres sources soufflent que c\u2019est d\u2019ailleurs \u00e0 cause de cette absence que la c\u00e9r\u00e9monie solennelle de port de l\u2019\u00e9charpe pour la nouvelle l\u00e9gislature a \u00e9t\u00e9 report\u00e9e du vendredi 13 au lundi 16 mars.<\/p>\n<p class=\"c4\">Ceci dans le but de lui permettre de regagner le pays, alors m\u00eame que l\u2019\u00e9lection du pr\u00e9sident de l\u2019Assembl\u00e9e est pr\u00e9vue dans les prochains jours.<\/p>\n<\/div>\n<p>Auteur: Ludovic Amara<br \/>\n<a href=\"https:\/\/www.journalducameroun.com\/cameroun-18-millions-fcfa-par-an-pour-cavaye-yeguie-djibril-en-cas-de-retraite-cameroun\/\">Cliquez ici pour lire l&rsquo;article depuis sa source.<\/a><\/p>\n","protected":false},"excerpt":{"rendered":"<p>Publi\u00e9 le 15.03.2020 \u00e0 19h09 par journal du cameroun Le pr\u00e9sident de l\u2019Assembl\u00e9e nationale du Cameroun se serait offert des avantages princiers dans le cas o\u00f9 il ne serait pas r\u00e9\u00e9lu au perchoir. Alors que la pol\u00e9mique coure sur l\u2019absence du \u00ab\u00a0tr\u00e8s honorable\u00a0\u00bb Cavaye Y\u00e9gui\u00e9 Djiril depuis le d\u00e9but de la session parlementaire, le 10 [&hellip;]<\/p>\n","protected":false},"author":1965,"featured_media":0,"comment_status":"closed","ping_status":"closed","sticky":false,"template":"","format":"standard","meta":{"fifu_image_url":"","fifu_image_alt":"","footnotes":""},"categories":[73,82],"tags":[],"class_list":["post-79165","post","type-post","status-publish","format-standard","hentry","category-actualite","category-cameroun"],"_links":{"self":[{"href":"https:\/\/linitiative.ca\/International\/wp-json\/wp\/v2\/posts\/79165","targetHints":{"allow":["GET"]}}],"collection":[{"href":"https:\/\/linitiative.ca\/International\/wp-json\/wp\/v2\/posts"}],"about":[{"href":"https:\/\/linitiative.ca\/International\/wp-json\/wp\/v2\/types\/post"}],"author":[{"embeddable":true,"href":"https:\/\/linitiative.ca\/International\/wp-json\/wp\/v2\/users\/1965"}],"replies":[{"embeddable":true,"href":"https:\/\/linitiative.ca\/International\/wp-json\/wp\/v2\/comments?post=79165"}],"version-history":[{"count":0,"href":"https:\/\/linitiative.ca\/International\/wp-json\/wp\/v2\/posts\/79165\/revisions"}],"wp:attachment":[{"href":"https:\/\/linitiative.ca\/International\/wp-json\/wp\/v2\/media?parent=79165"}],"wp:term":[{"taxonomy":"category","embeddable":true,"href":"https:\/\/linitiative.ca\/International\/wp-json\/wp\/v2\/categories?post=79165"},{"taxonomy":"post_tag","embeddable":true,"href":"https:\/\/linitiative.ca\/International\/wp-json\/wp\/v2\/tags?post=79165"}],"curies":[{"name":"wp","href":"https:\/\/api.w.org\/{rel}","templated":true}]}}