{"id":79166,"date":"2020-03-15T16:18:03","date_gmt":"2020-03-15T20:18:03","guid":{"rendered":"https:\/\/linitiative.ca\/International\/covid-19-le-maroc-suspend-tous-les-vols-internationaux-de-passagers\/"},"modified":"2020-03-15T16:18:03","modified_gmt":"2020-03-15T20:18:03","slug":"covid-19-le-maroc-suspend-tous-les-vols-internationaux-de-passagers","status":"publish","type":"post","link":"https:\/\/linitiative.ca\/International\/covid-19-le-maroc-suspend-tous-les-vols-internationaux-de-passagers\/","title":{"rendered":"Covid-19 : Le Maroc suspend tous les vols internationaux de passagers"},"content":{"rendered":"<div readability=\"32\">\n<p>Publi\u00e9 le 15.03.2020 \u00e0 21h18 par APA News<\/p>\n<\/div>\n<div readability=\"48\">\n<p>Le Maroc a d\u00e9cid\u00e9 de suspendre, jusqu\u2019\u00e0 nouvel ordre, tous les vols internationaux de passagers en provenance et \u00e0 destination de son territoire, indique dimanche un communiqu\u00e9 du minist\u00e8re des Affaires \u00e9trang\u00e8res.Cette d\u00e9cision s\u2019inscrit dans le cadre des mesures pr\u00e9ventives contre la propagation du coronavirus, pr\u00e9cise la m\u00eame source.<\/p>\n<p>Auparavant, le Royaume avait suspendu les vols a\u00e9riens avec une vingtaine pays europ\u00e9ens, africains et arabes pour lutter contre la propagation de l\u2019\u00e9pid\u00e9mie du coronavirus.\u00a0<\/p>\n<p>Le Maroc compte 28 cas de contamination au virus Covid-19, dont un ministre. La plupart des personnes infect\u00e9es ont s\u00e9journ\u00e9 dans les pays consid\u00e9r\u00e9s comme foyer de l\u2019\u00e9pid\u00e9mie.<\/p>\n<\/div>\n<p>Auteur: APA News<br \/>\n<a href=\"https:\/\/www.journalducameroun.com\/covid-19-le-maroc-suspend-tous-les-vols-internationaux-de-passagers\/\">Cliquez ici pour lire l&rsquo;article depuis sa source.<\/a><\/p>\n","protected":false},"excerpt":{"rendered":"<p>Publi\u00e9 le 15.03.2020 \u00e0 21h18 par APA News Le Maroc a d\u00e9cid\u00e9 de suspendre, jusqu\u2019\u00e0 nouvel ordre, tous les vols internationaux de passagers en provenance et \u00e0 destination de son territoire, indique dimanche un communiqu\u00e9 du minist\u00e8re des Affaires \u00e9trang\u00e8res.Cette d\u00e9cision s\u2019inscrit dans le cadre des mesures pr\u00e9ventives contre la propagation du coronavirus, pr\u00e9cise la [&hellip;]<\/p>\n","protected":false},"author":1965,"featured_media":0,"comment_status":"closed","ping_status":"closed","sticky":false,"template":"","format":"standard","meta":{"fifu_image_url":"","fifu_image_alt":"","footnotes":""},"categories":[73,82],"tags":[],"class_list":["post-79166","post","type-post","status-publish","format-standard","hentry","category-actualite","category-cameroun"],"_links":{"self":[{"href":"https:\/\/linitiative.ca\/International\/wp-json\/wp\/v2\/posts\/79166","targetHints":{"allow":["GET"]}}],"collection":[{"href":"https:\/\/linitiative.ca\/International\/wp-json\/wp\/v2\/posts"}],"about":[{"href":"https:\/\/linitiative.ca\/International\/wp-json\/wp\/v2\/types\/post"}],"author":[{"embeddable":true,"href":"https:\/\/linitiative.ca\/International\/wp-json\/wp\/v2\/users\/1965"}],"replies":[{"embeddable":true,"href":"https:\/\/linitiative.ca\/International\/wp-json\/wp\/v2\/comments?post=79166"}],"version-history":[{"count":0,"href":"https:\/\/linitiative.ca\/International\/wp-json\/wp\/v2\/posts\/79166\/revisions"}],"wp:attachment":[{"href":"https:\/\/linitiative.ca\/International\/wp-json\/wp\/v2\/media?parent=79166"}],"wp:term":[{"taxonomy":"category","embeddable":true,"href":"https:\/\/linitiative.ca\/International\/wp-json\/wp\/v2\/categories?post=79166"},{"taxonomy":"post_tag","embeddable":true,"href":"https:\/\/linitiative.ca\/International\/wp-json\/wp\/v2\/tags?post=79166"}],"curies":[{"name":"wp","href":"https:\/\/api.w.org\/{rel}","templated":true}]}}