{"id":79167,"date":"2020-03-15T16:18:05","date_gmt":"2020-03-15T20:18:05","guid":{"rendered":"https:\/\/linitiative.ca\/International\/covid-19-la-19eme-edition-du-festival-mawazine-rythmes-du-monde-annulee\/"},"modified":"2020-03-15T16:18:05","modified_gmt":"2020-03-15T20:18:05","slug":"covid-19-la-19eme-edition-du-festival-mawazine-rythmes-du-monde-annulee","status":"publish","type":"post","link":"https:\/\/linitiative.ca\/International\/covid-19-la-19eme-edition-du-festival-mawazine-rythmes-du-monde-annulee\/","title":{"rendered":"Covid-19 : La 19\u00e8me\u00a0\u00e9dition du festival Mawazine rythmes du monde annul\u00e9e"},"content":{"rendered":"<div readability=\"32\">\n<p>Publi\u00e9 le 15.03.2020 \u00e0 21h18 par APA News<\/p>\n<\/div>\n<div readability=\"69\">\n<p>La 19\u00e8me \u00e9dition du Festival Mawazine Rythmes du monde, pr\u00e9vue initialement du 19 au 27 juin prochain \u00e0 Rabat, a \u00e9t\u00e9 annul\u00e9e 2020, a annonc\u00e9 dimanche l\u2019Association Maroc Cultures, organisatrice de cet \u00e9v\u00e9nement mondial.Cette d\u00e9cision a \u00e9t\u00e9 prise \u00ab conform\u00e9ment aux mesures de s\u00e9curit\u00e9 pr\u00e9ventives pr\u00e9conis\u00e9es par les autorit\u00e9s marocaines et l\u2019Organisation mondiale de la sant\u00e9 qui recommandent la restriction des grandes manifestations \u00bb, ajoute-t-on de m\u00eame source.<\/p>\n<p>La direction de Maroc Cultures pr\u00e9cise que \u00ab la priorit\u00e9 de l\u2019Association est accord\u00e9e, avant tout, \u00e0 la sant\u00e9 de nos citoyens et de leur s\u00e9curit\u00e9 \u00bb.<\/p>\n<p>Organis\u00e9 chaque ann\u00e9e aux mois de mai et juin, \u00e0 Rabat et Sal\u00e9 depuis 2001, le Festival Mawazine a accueilli un public record de 2,75 millions de spectateurs en 2019.<\/p>\n<p>Selon un classement de statista, Mawazine est le plus grand festival de musique dans le monde en 2018, et le plus grand festival du continent africain. Il est un carrefour d\u2019expression pour divers artistes internationaux, en particulier de la sph\u00e8re francophone et anglophone.<\/p>\n<p>Pour sa part, la Fondation Esprit de F\u00e8s a annonc\u00e9 l\u2019annulation de la 26\u00e8me \u00e9dition du Festival de F\u00e8s des Musiques Sacr\u00e9es du Monde qui devait se tenir du 12 au 20 juin 2020.<\/p>\n<p>\u00ab Compte tenu de la situation li\u00e9e aux cons\u00e9quences du Coronavirus et en accord avec les recommandations des autorit\u00e9s comp\u00e9tentes, la Fondation Esprit de F\u00e8s porte \u00e0 la connaissance de l\u2019opinion publique que la 26\u00e8me \u00e9dition du Festival de F\u00e8s des Musiques Sacr\u00e9es du Monde qui devait se tenir du 12 au 20 juin est annul\u00e9e \u00bb, souligne un communiqu\u00e9 de la Fondation.<\/p>\n<\/div>\n<p>Auteur: APA News<br \/>\n<a href=\"https:\/\/www.journalducameroun.com\/covid-19-la-19eme-edition-du-festival-mawazine-rythmes-du-monde-annulee\/\">Cliquez ici pour lire l&rsquo;article depuis sa source.<\/a><\/p>\n","protected":false},"excerpt":{"rendered":"<p>Publi\u00e9 le 15.03.2020 \u00e0 21h18 par APA News La 19\u00e8me \u00e9dition du Festival Mawazine Rythmes du monde, pr\u00e9vue initialement du 19 au 27 juin prochain \u00e0 Rabat, a \u00e9t\u00e9 annul\u00e9e 2020, a annonc\u00e9 dimanche l\u2019Association Maroc Cultures, organisatrice de cet \u00e9v\u00e9nement mondial.Cette d\u00e9cision a \u00e9t\u00e9 prise \u00ab conform\u00e9ment aux mesures de s\u00e9curit\u00e9 pr\u00e9ventives pr\u00e9conis\u00e9es par [&hellip;]<\/p>\n","protected":false},"author":1965,"featured_media":0,"comment_status":"closed","ping_status":"closed","sticky":false,"template":"","format":"standard","meta":{"fifu_image_url":"","fifu_image_alt":"","footnotes":""},"categories":[73,82],"tags":[],"class_list":["post-79167","post","type-post","status-publish","format-standard","hentry","category-actualite","category-cameroun"],"_links":{"self":[{"href":"https:\/\/linitiative.ca\/International\/wp-json\/wp\/v2\/posts\/79167","targetHints":{"allow":["GET"]}}],"collection":[{"href":"https:\/\/linitiative.ca\/International\/wp-json\/wp\/v2\/posts"}],"about":[{"href":"https:\/\/linitiative.ca\/International\/wp-json\/wp\/v2\/types\/post"}],"author":[{"embeddable":true,"href":"https:\/\/linitiative.ca\/International\/wp-json\/wp\/v2\/users\/1965"}],"replies":[{"embeddable":true,"href":"https:\/\/linitiative.ca\/International\/wp-json\/wp\/v2\/comments?post=79167"}],"version-history":[{"count":0,"href":"https:\/\/linitiative.ca\/International\/wp-json\/wp\/v2\/posts\/79167\/revisions"}],"wp:attachment":[{"href":"https:\/\/linitiative.ca\/International\/wp-json\/wp\/v2\/media?parent=79167"}],"wp:term":[{"taxonomy":"category","embeddable":true,"href":"https:\/\/linitiative.ca\/International\/wp-json\/wp\/v2\/categories?post=79167"},{"taxonomy":"post_tag","embeddable":true,"href":"https:\/\/linitiative.ca\/International\/wp-json\/wp\/v2\/tags?post=79167"}],"curies":[{"name":"wp","href":"https:\/\/api.w.org\/{rel}","templated":true}]}}