{"id":79168,"date":"2020-03-15T16:18:06","date_gmt":"2020-03-15T20:18:06","guid":{"rendered":"https:\/\/linitiative.ca\/International\/maroc-le-roi-mohammed-vi-ordonne-la-creation-dun-fonds-special-pour-la-gestion-du-coronavirus\/"},"modified":"2020-03-15T16:18:06","modified_gmt":"2020-03-15T20:18:06","slug":"maroc-le-roi-mohammed-vi-ordonne-la-creation-dun-fonds-special-pour-la-gestion-du-coronavirus","status":"publish","type":"post","link":"https:\/\/linitiative.ca\/International\/maroc-le-roi-mohammed-vi-ordonne-la-creation-dun-fonds-special-pour-la-gestion-du-coronavirus\/","title":{"rendered":"Maroc : Le Roi Mohammed VI ordonne la cr\u00e9ation d\u2019un fonds sp\u00e9cial pour la gestion du coronavirus"},"content":{"rendered":"<div readability=\"32\">\n<p>Publi\u00e9 le 15.03.2020 \u00e0 21h18 par APA News<\/p>\n<\/div>\n<div readability=\"54\">\n<p>Le Roi Mohammed VI a donn\u00e9 ses instructions pour proc\u00e9der \u00e0 la cr\u00e9ation imm\u00e9diate d\u2019un fonds sp\u00e9cial d\u00e9di\u00e9 \u00e0 la gestion de la pand\u00e9mie de coronavirus, indique dimanche un communiqu\u00e9 du Cabinet royal.Ce fonds, dot\u00e9 de 10 milliards de dirhams (pr\u00e8s de 1 milliard d\u2019euros), sera r\u00e9serv\u00e9 d\u2019une part \u00e0 la prise en charge des d\u00e9penses de mise \u00e0 niveau du dispositif m\u00e9dical, en termes d\u2019infrastructures adapt\u00e9es et de moyens suppl\u00e9mentaires \u00e0 acqu\u00e9rir dans l\u2019urgence.<\/p>\n<p>Il servira, d\u2019autre part, au soutien de l\u2019\u00e9conomie nationale, \u00e0 travers une batterie de mesures qui seront propos\u00e9es par le gouvernement, notamment en termes d\u2019accompagnement des secteurs vuln\u00e9rables aux chocs induits par la crise du coronavirus, tels que le tourisme, ainsi qu\u2019en mati\u00e8re de pr\u00e9servation des emplois et d\u2019att\u00e9nuation des r\u00e9percussions sociales de cette crise.<\/p>\n<p>Le Maroc compte 28 cas de contamination au virus Covid-19, dont un ministre. La plupart des personnes infect\u00e9es ont s\u00e9journ\u00e9 dans les pays consid\u00e9r\u00e9s comme foyer du l\u2019\u00e9pid\u00e9mie.<\/p>\n<\/div>\n<p>Auteur: APA News<br \/>\n<a href=\"https:\/\/www.journalducameroun.com\/maroc-le-roi-mohammed-vi-ordonne-la-creation-dun-fonds-special-pour-la-gestion-du-coronavirus\/\">Cliquez ici pour lire l&rsquo;article depuis sa source.<\/a><\/p>\n","protected":false},"excerpt":{"rendered":"<p>Publi\u00e9 le 15.03.2020 \u00e0 21h18 par APA News Le Roi Mohammed VI a donn\u00e9 ses instructions pour proc\u00e9der \u00e0 la cr\u00e9ation imm\u00e9diate d\u2019un fonds sp\u00e9cial d\u00e9di\u00e9 \u00e0 la gestion de la pand\u00e9mie de coronavirus, indique dimanche un communiqu\u00e9 du Cabinet royal.Ce fonds, dot\u00e9 de 10 milliards de dirhams (pr\u00e8s de 1 milliard d\u2019euros), sera r\u00e9serv\u00e9 [&hellip;]<\/p>\n","protected":false},"author":1965,"featured_media":0,"comment_status":"closed","ping_status":"closed","sticky":false,"template":"","format":"standard","meta":{"fifu_image_url":"","fifu_image_alt":"","footnotes":""},"categories":[73,82],"tags":[],"class_list":["post-79168","post","type-post","status-publish","format-standard","hentry","category-actualite","category-cameroun"],"_links":{"self":[{"href":"https:\/\/linitiative.ca\/International\/wp-json\/wp\/v2\/posts\/79168","targetHints":{"allow":["GET"]}}],"collection":[{"href":"https:\/\/linitiative.ca\/International\/wp-json\/wp\/v2\/posts"}],"about":[{"href":"https:\/\/linitiative.ca\/International\/wp-json\/wp\/v2\/types\/post"}],"author":[{"embeddable":true,"href":"https:\/\/linitiative.ca\/International\/wp-json\/wp\/v2\/users\/1965"}],"replies":[{"embeddable":true,"href":"https:\/\/linitiative.ca\/International\/wp-json\/wp\/v2\/comments?post=79168"}],"version-history":[{"count":0,"href":"https:\/\/linitiative.ca\/International\/wp-json\/wp\/v2\/posts\/79168\/revisions"}],"wp:attachment":[{"href":"https:\/\/linitiative.ca\/International\/wp-json\/wp\/v2\/media?parent=79168"}],"wp:term":[{"taxonomy":"category","embeddable":true,"href":"https:\/\/linitiative.ca\/International\/wp-json\/wp\/v2\/categories?post=79168"},{"taxonomy":"post_tag","embeddable":true,"href":"https:\/\/linitiative.ca\/International\/wp-json\/wp\/v2\/tags?post=79168"}],"curies":[{"name":"wp","href":"https:\/\/api.w.org\/{rel}","templated":true}]}}