{"id":79180,"date":"2020-03-16T09:06:27","date_gmt":"2020-03-16T13:06:27","guid":{"rendered":"https:\/\/linitiative.ca\/International\/secteur-public-et-prive-les-salaires-des-mis-en-auto-isolement-seront-payes\/"},"modified":"2020-03-16T09:06:27","modified_gmt":"2020-03-16T13:06:27","slug":"secteur-public-et-prive-les-salaires-des-mis-en-auto-isolement-seront-payes","status":"publish","type":"post","link":"https:\/\/linitiative.ca\/International\/secteur-public-et-prive-les-salaires-des-mis-en-auto-isolement-seront-payes\/","title":{"rendered":"Secteur public et priv\u00e9 : Les salaires des mis en auto-isolement seront pay\u00e9s"},"content":{"rendered":"<p>La fermeture des march\u00e9s hebdomadaires et des commerces qui ne sont pas de premi\u00e8re n\u00e9cessit\u00e9 sera r\u00e9examin\u00e9e en concertation avec le Gouvernement et les autorit\u00e9s locales, pour \u00e9viter la propagation du coronavirus \u00bb, a d\u00e9clar\u00e9, dimanche, le ministre de la Sant\u00e9 Publique, Abdellatif Mekki.<\/p>\n<p>Le ministre, qui s\u2019exprimait \u00e0 l\u2019issue de la cl\u00f4ture de la Conf\u00e9rence des Gouverneurs, a fait savoir que son d\u00e9partement prendra les mesures indispensables d\u2019une fa\u00e7on progressive.<\/p>\n<p>Toutefois, Mekki a mis en garde contre les \u00e9ventuelles r\u00e9percussions de la fermeture des commerces. \u00ab \u00c7a pourrait affecter l\u2019\u00e9conomie et cr\u00e9er un d\u00e9s\u00e9quilibre de l\u2019offre et de la demande \u00bb, a-t-il estim\u00e9.<\/p>\n<p>Le ministre a annonc\u00e9 l\u2019ouverture, \u00e0 partir de dimanche soir, d\u2019une ligne pour la collecte de dons destin\u00e9s \u00e0 la lutte contre le coronavirus. Le lancement de cette ligne vient r\u00e9pondre \u00e0 des appels lanc\u00e9s par des citoyens sur les r\u00e9seaux sociaux, a-t-il dit.<\/p>\n<p>Evoquant les employ\u00e9s du secteur public en auto-isolement, le ministre a indiqu\u00e9 que leurs salaires leurs seront vers\u00e9s comme d\u2019habitude, d\u00e8s lors qu\u2019il s\u2019agit d\u2019une absence justifi\u00e9e et sur recommandation du m\u00e9decin traitant. Idem pour ceux du secteur priv\u00e9e, a-t-il ajout\u00e9, faisant \u00e9tat d\u2019une proc\u00e9dure qui, \u00e0 priori, s\u2019applique \u00e0 tout employ\u00e9 concern\u00e9 par l\u2019auto-isolement.<\/p>\n<p>En ce qui concerne la fermeture des march\u00e9s hebdomadaires, la Mairesse de la ville de Tunis, Souad Abderrahim a plaid\u00e9 en faveur d\u2019une coordination sur le plan national et r\u00e9gional pour \u00e9viter un \u00e9ventuel encombrement dans les zones avoisinantes.<\/p>\n<p>Par ailleurs, elle a insist\u00e9 sur le volet sensibilisation pour maitriser une situation tr\u00e8s d\u00e9licate dans le pays.<\/p>\n<p>A ce sujet, Abderrahim a fait savoir que la municipalit\u00e9 de la Ville de Tunis a lanc\u00e9 un spot publicitaire en langue des signes d\u00e9di\u00e9 aux personnes \u00e0 besoins sp\u00e9cifiques. Il s\u2019agit d\u2019une action de sensibilisation qui les aiderait \u00e0 comprendre et \u00e0 appliquer les diff\u00e9rentes mesures pr\u00e9ventives contre l\u2019\u00e9pid\u00e9mie du coronavirus.<\/p>\n<div class=\"wp-post-author-wrap wp-post-author-shortcode left\">\n<h3 class=\"awpa-title\"\/>\n<div class=\"wp-post-author\">\n<div class=\"awpa-img awpa-author-block square\"><a href=\"http:\/\/lexpertjournal.net\/fr\/?author=5\"><img loading=\"lazy\" decoding=\"async\" alt=\"\" src=\"http:\/\/0.gravatar.com\/avatar\/97f8e10a1c1125ba104a76514ee07b16?s=150&amp;d=mm&amp;r=g\" srcset=\"http:\/\/0.gravatar.com\/avatar\/97f8e10a1c1125ba104a76514ee07b16?s=300&amp;d=mm&amp;r=g 2x\" class=\"avatar avatar-150 photo\" height=\"150\" width=\"150\"\/><\/a><\/div>\n<\/div>\n<\/div>\n<aside class=\"mashsb-container mashsb-main mashsb-stretched\">\n<\/aside>\n<p>Auteur: L&rsquo;expert<br \/>\n<a href=\"http:\/\/lexpertjournal.net\/fr\/?p=13031\">Cliquez ici pour lire l&rsquo;article depuis sa source.<\/a><\/p>\n","protected":false},"excerpt":{"rendered":"<p>La fermeture des march\u00e9s hebdomadaires et des commerces qui ne sont pas de premi\u00e8re n\u00e9cessit\u00e9 sera r\u00e9examin\u00e9e en concertation avec le Gouvernement et les autorit\u00e9s locales, pour \u00e9viter la propagation du coronavirus \u00bb, a d\u00e9clar\u00e9, dimanche, le ministre de la Sant\u00e9 Publique, Abdellatif Mekki. Le ministre, qui s\u2019exprimait \u00e0 l\u2019issue de la cl\u00f4ture de la [&hellip;]<\/p>\n","protected":false},"author":1775,"featured_media":0,"comment_status":"closed","ping_status":"closed","sticky":false,"template":"","format":"standard","meta":{"fifu_image_url":"","fifu_image_alt":"","footnotes":""},"categories":[78,55],"tags":[],"class_list":["post-79180","post","type-post","status-publish","format-standard","hentry","category-economie","category-tunisie"],"_links":{"self":[{"href":"https:\/\/linitiative.ca\/International\/wp-json\/wp\/v2\/posts\/79180","targetHints":{"allow":["GET"]}}],"collection":[{"href":"https:\/\/linitiative.ca\/International\/wp-json\/wp\/v2\/posts"}],"about":[{"href":"https:\/\/linitiative.ca\/International\/wp-json\/wp\/v2\/types\/post"}],"author":[{"embeddable":true,"href":"https:\/\/linitiative.ca\/International\/wp-json\/wp\/v2\/users\/1775"}],"replies":[{"embeddable":true,"href":"https:\/\/linitiative.ca\/International\/wp-json\/wp\/v2\/comments?post=79180"}],"version-history":[{"count":0,"href":"https:\/\/linitiative.ca\/International\/wp-json\/wp\/v2\/posts\/79180\/revisions"}],"wp:attachment":[{"href":"https:\/\/linitiative.ca\/International\/wp-json\/wp\/v2\/media?parent=79180"}],"wp:term":[{"taxonomy":"category","embeddable":true,"href":"https:\/\/linitiative.ca\/International\/wp-json\/wp\/v2\/categories?post=79180"},{"taxonomy":"post_tag","embeddable":true,"href":"https:\/\/linitiative.ca\/International\/wp-json\/wp\/v2\/tags?post=79180"}],"curies":[{"name":"wp","href":"https:\/\/api.w.org\/{rel}","templated":true}]}}