{"id":79181,"date":"2020-03-16T09:10:49","date_gmt":"2020-03-16T13:10:49","guid":{"rendered":"https:\/\/linitiative.ca\/International\/lutte-contre-la-propagation-du-covid-19-mesures-restrictives-et-precautions-a-prendre-par-les-medecins\/"},"modified":"2020-03-16T09:10:49","modified_gmt":"2020-03-16T13:10:49","slug":"lutte-contre-la-propagation-du-covid-19-mesures-restrictives-et-precautions-a-prendre-par-les-medecins","status":"publish","type":"post","link":"https:\/\/linitiative.ca\/International\/lutte-contre-la-propagation-du-covid-19-mesures-restrictives-et-precautions-a-prendre-par-les-medecins\/","title":{"rendered":"Lutte contre la propagation du Covid-19 : Mesures restrictives et pr\u00e9cautions \u00e0 prendre par les m\u00e9decins"},"content":{"rendered":"<p>En accord avec les derni\u00e8res dispositions du minist\u00e8re de la sant\u00e9 concernant la prise en charge des patients suspects d\u2019infection au Covid-19, le Conseil National de l\u2019Ordre des M\u00e9decins de Tunisie (CNOM) informe les acteurs de sant\u00e9, que la prise en charge va inclure la premi\u00e8re ligne de soins et les m\u00e9decins traitants aussi bien hospitaliers que de libre pratique.<\/p>\n<p>Conscient de la gravit\u00e9 de la situation, du manque flagrant de moyens et des r\u00e9percussions sociales et \u00e9conomiques cons\u00e9quentes \u00e0 venir, le CNOM rappelle, dans un communiqu\u00e9 rendu public sur sa page Facebook, son soutien \u00e0 ses troupes surtout ceux de la premi\u00e8re ligne dans le secteur hospitalier et priv\u00e9.<\/p>\n<p>Dans le but de prot\u00e9ger le personnel soignant et les malades, le CNOM recommande \u00e0 tous les praticiens de prendre imm\u00e9diatement les mesures n\u00e9cessaires pour d\u00e9sencombrer le circuit sanitaire et freiner la progression de la pand\u00e9mie. Ainsi le CNOM recommande un renforcement des mesures-barri\u00e8res de protection avec une mise \u00e0 disposition de gel et de masques pour le personnel et les patients suspects. Le conseil pr\u00e9cise \u00e0 ce propos, que suites aux difficult\u00e9s d\u2019approvisionnement constat\u00e9s, le CNOM a pris ses dispositions pour assurer via ses diff\u00e9rents bureaux r\u00e9gionaux un ravitaillement des praticiens en masques et en gel hydro-alcoolique.<\/p>\n<p>Le conseil recommande \u00e9galement un report jusqu\u2019\u00e0 nouvel ordre des consultations et actes non-urgents ainsi que la prise en charge des patients \u00e9trangers. Une obligation d\u2019arr\u00eat de toute activit\u00e9 m\u00e9dicale non-urgente sera prononc\u00e9e prochainement.<\/p>\n<p>Une r\u00e9organisation du circuit de soins sera \u00e9galement appliqu\u00e9e afin de d\u00e9sencombrer les cabinets et les structures de soins avec une d\u00e9cision de limiter le nombre de patients, ne pas accepter les accompagnants, espacer les rendez-vous, interdire les visites dans les structures de soins, rationaliser les examens compl\u00e9mentaires notamment les examens radiologiques et biologiques peu utiles.<\/p>\n<p>Le CNOM souligne aussi la n\u00e9cessit\u00e9 de r\u00e9organiser du temps et du mode de travail dans le secteur priv\u00e9. Il est conseill\u00e9 aux omnipraticiens de faire les visites \u00e0 domicile apr\u00e8s la fin de leur consultation. Il est souhait\u00e9 que les praticiens lib\u00e9raux de m\u00eame sp\u00e9cialit\u00e9 et de m\u00eame localisation g\u00e9ographique s\u2019organisent entre eux pour assurer un roulement de permanence de soins dans leurs cabinets ou dans les cliniques.<\/p>\n<p>Dans le but de faciliter l\u2019exercice dans des conditions qui seront de plus en plus dures et \u00e0 titre exceptionnel, le CNOM autorise et recommande aux praticiens le recours \u00e0 la consultation \u00e0 distance ; t\u00e9l\u00e9communication, vid\u00e9o-conf\u00e9rence (Messenger, Skype, WhatsApp \u2026), ainsi que le renouvellement \u00e0 distance des ordonnances p\u00e9riodiques pour les patients chroniques.<\/p>\n<p>Un algorithme de prise en charge des patients, \u00e9labor\u00e9 avec la participation du CNOM sera publi\u00e9 sous peu par le minist\u00e8re de la sant\u00e9 publique et sera communiqu\u00e9 \u00e0 temps. Pour les patients suspects de Covid-19 (Fi\u00e8vre, toux, dyspn\u00e9e), le m\u00e9decin traitant sera amen\u00e9 \u00e0 les prendre en charge \u00e0 distance et \u00e0 contacter le SAMU en cas d\u2019aggravation. A cet effet une ligne suppl\u00e9mentaire sera mise prochainement \u00e0 disposition des m\u00e9decins de libre pratique.<\/p>\n<p>Le CNOM rappelle que les m\u00e9decins doivent \u00eatre un exemple dans leur conduite face \u00e0 ce fl\u00e9au, et appliquer \u00e0 eux-m\u00eames et au personnel sous leur responsabilit\u00e9 toutes les mesures de distanciation sociale et de pr\u00e9vention sanitaire. Et dans ce cadre Il est rappel\u00e9 aux m\u00e9decins revenant de voyage de se conformer \u00e0 la loi 92-71 et de respecter les mesures d\u2019auto-isolement de 14 jours. Il rappelle aussi aux m\u00e9decins amen\u00e9s \u00e0 communiquer \u00e0 travers les m\u00e9dias qu\u2019ils doivent se conformer aux donn\u00e9es de la cellule de crise et limiter leurs interventions au seul domaine de leur sp\u00e9cialit\u00e9.<\/p>\n<p>Le CNOM rappelle aux autorit\u00e9s de tutelle que la meilleure chance reste la pr\u00e9vention qui doit \u00eatre de mise, imm\u00e9diatement et de fa\u00e7on maximaliste, pour ne pas avoir \u00e0 le regretter.<\/p>\n<div class=\"wp-post-author-wrap wp-post-author-shortcode left\">\n<h3 class=\"awpa-title\"\/>\n<div class=\"wp-post-author\">\n<div class=\"awpa-img awpa-author-block square\"><a href=\"http:\/\/lexpertjournal.net\/fr\/?author=5\"><img loading=\"lazy\" decoding=\"async\" alt=\"\" src=\"http:\/\/0.gravatar.com\/avatar\/97f8e10a1c1125ba104a76514ee07b16?s=150&amp;d=mm&amp;r=g\" srcset=\"http:\/\/0.gravatar.com\/avatar\/97f8e10a1c1125ba104a76514ee07b16?s=300&amp;d=mm&amp;r=g 2x\" class=\"avatar avatar-150 photo\" height=\"150\" width=\"150\"\/><\/a><\/div>\n<\/div>\n<\/div>\n<aside class=\"mashsb-container mashsb-main mashsb-stretched\">\n<\/aside>\n<p>Auteur: L&rsquo;expert<br \/>\n<a href=\"http:\/\/lexpertjournal.net\/fr\/?p=13035\">Cliquez ici pour lire l&rsquo;article depuis sa source.<\/a><\/p>\n","protected":false},"excerpt":{"rendered":"<p>En accord avec les derni\u00e8res dispositions du minist\u00e8re de la sant\u00e9 concernant la prise en charge des patients suspects d\u2019infection au Covid-19, le Conseil National de l\u2019Ordre des M\u00e9decins de Tunisie (CNOM) informe les acteurs de sant\u00e9, que la prise en charge va inclure la premi\u00e8re ligne de soins et les m\u00e9decins traitants aussi bien [&hellip;]<\/p>\n","protected":false},"author":1775,"featured_media":0,"comment_status":"closed","ping_status":"closed","sticky":false,"template":"","format":"standard","meta":{"fifu_image_url":"","fifu_image_alt":"","footnotes":""},"categories":[78,55],"tags":[],"class_list":["post-79181","post","type-post","status-publish","format-standard","hentry","category-economie","category-tunisie"],"_links":{"self":[{"href":"https:\/\/linitiative.ca\/International\/wp-json\/wp\/v2\/posts\/79181","targetHints":{"allow":["GET"]}}],"collection":[{"href":"https:\/\/linitiative.ca\/International\/wp-json\/wp\/v2\/posts"}],"about":[{"href":"https:\/\/linitiative.ca\/International\/wp-json\/wp\/v2\/types\/post"}],"author":[{"embeddable":true,"href":"https:\/\/linitiative.ca\/International\/wp-json\/wp\/v2\/users\/1775"}],"replies":[{"embeddable":true,"href":"https:\/\/linitiative.ca\/International\/wp-json\/wp\/v2\/comments?post=79181"}],"version-history":[{"count":0,"href":"https:\/\/linitiative.ca\/International\/wp-json\/wp\/v2\/posts\/79181\/revisions"}],"wp:attachment":[{"href":"https:\/\/linitiative.ca\/International\/wp-json\/wp\/v2\/media?parent=79181"}],"wp:term":[{"taxonomy":"category","embeddable":true,"href":"https:\/\/linitiative.ca\/International\/wp-json\/wp\/v2\/categories?post=79181"},{"taxonomy":"post_tag","embeddable":true,"href":"https:\/\/linitiative.ca\/International\/wp-json\/wp\/v2\/tags?post=79181"}],"curies":[{"name":"wp","href":"https:\/\/api.w.org\/{rel}","templated":true}]}}