{"id":79183,"date":"2020-03-16T09:13:30","date_gmt":"2020-03-16T13:13:30","guid":{"rendered":"https:\/\/linitiative.ca\/International\/apres-la-suspension-de-plusieurs-liaisons-mesures-pour-le-rapatriements-des-tunisiens-et-des-francais\/"},"modified":"2020-03-16T09:13:30","modified_gmt":"2020-03-16T13:13:30","slug":"apres-la-suspension-de-plusieurs-liaisons-mesures-pour-le-rapatriements-des-tunisiens-et-des-francais","status":"publish","type":"post","link":"https:\/\/linitiative.ca\/International\/apres-la-suspension-de-plusieurs-liaisons-mesures-pour-le-rapatriements-des-tunisiens-et-des-francais\/","title":{"rendered":"Apr\u00e8s la suspension de plusieurs liaisons : Mesures pour le rapatriements des Tunisiens et des Fran\u00e7ais"},"content":{"rendered":"<p>Le minist\u00e8re du Transport et de la logistique a invit\u00e9 dimanche, toutes les compagnies de transport a\u00e9rien op\u00e9rant sur la destination fran\u00e7aise, de et vers les a\u00e9roports tunisiens \u00e0 acc\u00e9l\u00e9rer l\u2019\u00e9vacuation des voyageurs tunisiens et fran\u00e7ais, en appliquant les m\u00e9sures suivantes:<\/p>\n<p>1-Concernant les vols d\u2019\u00e9vacuation :<\/p>\n<p>\/S\u2019agissant des vols depuis les a\u00e9roports tunisiens (Tunis, Djerba, Monastir), la priorit\u00e9 sera accord\u00e9e aux voyageurs r\u00e9sidents en France et actuellement pr\u00e9sents en Tunisie.<\/p>\n<p>\/Pour les vols depuis les a\u00e9roports fran\u00e7ais (Paris, Marseille, Lyon, Nantes : la priorit\u00e9 est accord\u00e9e aux voyageurs r\u00e9sidents en Tunisie et pr\u00e9sents actuellement en France.<\/p>\n<p>\/Les voyageurs concern\u00e9s sont appel\u00e9s \u00e0 pr\u00e9senter les documents justificatifs de leurs lieux de r\u00e9sidence lors de l\u2019enregistrement.<\/p>\n<p>Les compagnies de transport tunisiennes et fran\u00e7aises (Tunisair, Nouvel Air, Air France etTransavia), proc\u00e8dent dans les plus brefs d\u00e9lais, \u00e0 la d\u00e9termination de la liste des voyageurs concern\u00e9s et au d\u00e9p\u00f4t des programmes de vols, pour approbation par la Direction g\u00e9n\u00e9rale de l\u2019Aviation civile, sachant qu\u2019un tarif unique sera adopt\u00e9 par toutes les compagnies, pour les voyageurs concern\u00e9s par les vols d\u2019\u00e9vacuation et non porteurs de billets de retour.<\/p>\n<p>Les voyageurs concern\u00e9s sont invit\u00e9s \u00e0 contacter et \u00e0 coordonner le plut\u00f4t possible avec les transporteurs a\u00e9riens.<\/p>\n<p>La compagnie nationale Tunisair lance \u00e0 partir de dimanche 15 mars, deux vols d\u2019\u00e9vacuation, le premier \u00e0 partir de l\u2019a\u00e9roport international de Djerba Zarzis et le deuxi\u00e8me depuis l\u2019A\u00e9roport international Monastir-Habib Bourguiba, et cet en direction de l\u2019a\u00e9roport Paris-Orly. Les autres transporteurs a\u00e9riens devaient entamer des vols d\u2019\u00e9vacuation \u00e0 partir du lundi 16 mars 2020.<\/p>\n<p>2-Concernant les voyageurs en possession des billets de retour:<\/p>\n<p>\/les compagnies de transport a\u00e9rien sont appel\u00e9s \u00e0 inviter dans l\u2019imm\u00e9diat les voyageurs concern\u00e9s, \u00e0 les contacter dans les plus brefs d\u00e9lais, pour les transporter soit en vols r\u00e9guliers autoris\u00e9s ou des vols de rapatriement, apr\u00e8s le parach\u00e8vement de l\u2019\u00e9vacuation des voyageurs r\u00e9sidents soit en France ou en Tunisie vers leurs pays natals.<\/p>\n<p>Ces d\u00e9cisions s\u2019inscrivent dans le cadre de l\u2019application des d\u00e9cisions gouvernementales relatives \u00e0 la pr\u00e9vention contre l\u2019\u00e9pid\u00e9mie de \u00bb coronavirus \u00ab , lit-on dans le communiqu\u00e9.<\/p>\n<div class=\"wp-post-author-wrap wp-post-author-shortcode left\">\n<h3 class=\"awpa-title\"\/>\n<div class=\"wp-post-author\">\n<div class=\"awpa-img awpa-author-block square\"><a href=\"http:\/\/lexpertjournal.net\/fr\/?author=5\"><img loading=\"lazy\" decoding=\"async\" alt=\"\" src=\"http:\/\/0.gravatar.com\/avatar\/97f8e10a1c1125ba104a76514ee07b16?s=150&amp;d=mm&amp;r=g\" srcset=\"http:\/\/0.gravatar.com\/avatar\/97f8e10a1c1125ba104a76514ee07b16?s=300&amp;d=mm&amp;r=g 2x\" class=\"avatar avatar-150 photo\" height=\"150\" width=\"150\"\/><\/a><\/div>\n<\/div>\n<\/div>\n<aside class=\"mashsb-container mashsb-main mashsb-stretched\">\n<\/aside>\n<p>Auteur: L&rsquo;expert<br \/>\n<a href=\"http:\/\/lexpertjournal.net\/fr\/?p=13041\">Cliquez ici pour lire l&rsquo;article depuis sa source.<\/a><\/p>\n","protected":false},"excerpt":{"rendered":"<p>Le minist\u00e8re du Transport et de la logistique a invit\u00e9 dimanche, toutes les compagnies de transport a\u00e9rien op\u00e9rant sur la destination fran\u00e7aise, de et vers les a\u00e9roports tunisiens \u00e0 acc\u00e9l\u00e9rer l\u2019\u00e9vacuation des voyageurs tunisiens et fran\u00e7ais, en appliquant les m\u00e9sures suivantes: 1-Concernant les vols d\u2019\u00e9vacuation : \/S\u2019agissant des vols depuis les a\u00e9roports tunisiens (Tunis, Djerba, [&hellip;]<\/p>\n","protected":false},"author":1775,"featured_media":0,"comment_status":"closed","ping_status":"closed","sticky":false,"template":"","format":"standard","meta":{"fifu_image_url":"","fifu_image_alt":"","footnotes":""},"categories":[78,55],"tags":[],"class_list":["post-79183","post","type-post","status-publish","format-standard","hentry","category-economie","category-tunisie"],"_links":{"self":[{"href":"https:\/\/linitiative.ca\/International\/wp-json\/wp\/v2\/posts\/79183","targetHints":{"allow":["GET"]}}],"collection":[{"href":"https:\/\/linitiative.ca\/International\/wp-json\/wp\/v2\/posts"}],"about":[{"href":"https:\/\/linitiative.ca\/International\/wp-json\/wp\/v2\/types\/post"}],"author":[{"embeddable":true,"href":"https:\/\/linitiative.ca\/International\/wp-json\/wp\/v2\/users\/1775"}],"replies":[{"embeddable":true,"href":"https:\/\/linitiative.ca\/International\/wp-json\/wp\/v2\/comments?post=79183"}],"version-history":[{"count":0,"href":"https:\/\/linitiative.ca\/International\/wp-json\/wp\/v2\/posts\/79183\/revisions"}],"wp:attachment":[{"href":"https:\/\/linitiative.ca\/International\/wp-json\/wp\/v2\/media?parent=79183"}],"wp:term":[{"taxonomy":"category","embeddable":true,"href":"https:\/\/linitiative.ca\/International\/wp-json\/wp\/v2\/categories?post=79183"},{"taxonomy":"post_tag","embeddable":true,"href":"https:\/\/linitiative.ca\/International\/wp-json\/wp\/v2\/tags?post=79183"}],"curies":[{"name":"wp","href":"https:\/\/api.w.org\/{rel}","templated":true}]}}