{"id":79192,"date":"2020-03-16T10:31:00","date_gmt":"2020-03-16T14:31:00","guid":{"rendered":"https:\/\/linitiative.ca\/International\/covid-19-reunion-dediee-a-lexamen-des-mesures-preventives\/"},"modified":"2020-03-16T10:31:00","modified_gmt":"2020-03-16T14:31:00","slug":"covid-19-reunion-dediee-a-lexamen-des-mesures-preventives","status":"publish","type":"post","link":"https:\/\/linitiative.ca\/International\/covid-19-reunion-dediee-a-lexamen-des-mesures-preventives\/","title":{"rendered":"COVID-19: R\u00e9union d\u00e9di\u00e9e \u00e0 l\u2019examen des mesures pr\u00e9ventives"},"content":{"rendered":"<div readability=\"34\">\n<p>Chichaoua \u2013 Une r\u00e9union de coordination consacr\u00e9e \u00e0 l\u2019examen des mesures pr\u00e9ventives pour lutter contre le coronavirus (COVID-19), a eu lieu dimanche au si\u00e8ge de la province de Chichaoua.<\/p>\n<\/div>\n<div readability=\"74\">\n<p>Lors de cette r\u00e9union marqu\u00e9e par la pr\u00e9sence notamment du gouverneur de la province, Bouabid El Guerrab, l\u2019accent a \u00e9t\u00e9 mis sur la n\u00e9cessit\u00e9 de mettre en place un plan d\u2019action visant \u00e0 lutter contre la propagation du coronavirus au niveau de la province, en accordant une importance particuli\u00e8re \u00e0 la question de sensibilisation des citoyens.<\/p>\n<p>S\u2019exprimant \u00e0 cette occasion, M. El Guerrab a mis en avant les mesures pr\u00e9ventives initi\u00e9es par les autorit\u00e9s gouvernementales au niveau central, notant que les autorit\u00e9s de la province s\u2019inscrivent dans la m\u00eame dynamique, en veillant \u00e0 \u00e9laborer un plan d\u2019action provincial pour lutter contre cette pand\u00e9mie.<\/p>\n<p>Dans ce sens, il a soulign\u00e9 l\u2019importance de conjuguer les efforts de l\u2019ensemble des parties concern\u00e9es, \u00e0 savoir les institutions, les acteurs territoriaux et les habitants, pour un engagement effectif dans la mise en oeuvre du programme visant la lutte contre le COVID-19.<\/p>\n<p>Cette r\u00e9union a \u00e9t\u00e9 \u00e9galement l\u2019occasion d\u2019examiner les mesures pr\u00e9ventives \u00e0 adopter pour \u00e9viter la transmission de ce virus entre les citoyens dans les march\u00e9s et les lieux publics, \u00e0 travers la mise en place des comit\u00e9s locaux regroupant les services concern\u00e9s, qui seront charg\u00e9s d\u2019organiser des campagnes de sensibilisation dans ces lieux, ainsi que dans les centres de Chichaoua et d\u2019Imintanout.<\/p>\n<p>Lors de cette rencontre le point a \u00e9t\u00e9 aussi mis sur la question de l\u2019approvisionnement des march\u00e9s de la province en denr\u00e9es alimentaires, qui se poursuivra de mani\u00e8re normale selon le comit\u00e9 de contr\u00f4le relevant de la province, ainsi que du contr\u00f4le r\u00e9gulier des prix des produits alimentaires.<\/p>\n<p>Au terme de cette r\u00e9union, l\u2019ensemble des intervenants ont insist\u00e9 sur la n\u00e9cessit\u00e9 de l\u2019action commune et de l\u2019implication de tous pour veiller \u00e0 la mise en oeuvre de ce programme op\u00e9rationnel et pr\u00e9ventif au niveau de la province.<\/p>\n<\/div>\n<p>Auteur: Meriem IGASS<br \/>\n<a href=\"http:\/\/www.mapmarrakech.ma\/fr\/covid-19-reunion-dediee-a-lexamen-des-mesures-preventives\/\">Cliquez ici pour lire l&rsquo;article depuis sa source.<\/a><\/p>\n","protected":false},"excerpt":{"rendered":"<p>Chichaoua \u2013 Une r\u00e9union de coordination consacr\u00e9e \u00e0 l\u2019examen des mesures pr\u00e9ventives pour lutter contre le coronavirus (COVID-19), a eu lieu dimanche au si\u00e8ge de la province de Chichaoua. Lors de cette r\u00e9union marqu\u00e9e par la pr\u00e9sence notamment du gouverneur de la province, Bouabid El Guerrab, l\u2019accent a \u00e9t\u00e9 mis sur la n\u00e9cessit\u00e9 de mettre [&hellip;]<\/p>\n","protected":false},"author":1788,"featured_media":0,"comment_status":"closed","ping_status":"closed","sticky":false,"template":"","format":"standard","meta":{"fifu_image_url":"","fifu_image_alt":"","footnotes":""},"categories":[54,76],"tags":[],"class_list":["post-79192","post","type-post","status-publish","format-standard","hentry","category-maroc","category-regions"],"_links":{"self":[{"href":"https:\/\/linitiative.ca\/International\/wp-json\/wp\/v2\/posts\/79192","targetHints":{"allow":["GET"]}}],"collection":[{"href":"https:\/\/linitiative.ca\/International\/wp-json\/wp\/v2\/posts"}],"about":[{"href":"https:\/\/linitiative.ca\/International\/wp-json\/wp\/v2\/types\/post"}],"author":[{"embeddable":true,"href":"https:\/\/linitiative.ca\/International\/wp-json\/wp\/v2\/users\/1788"}],"replies":[{"embeddable":true,"href":"https:\/\/linitiative.ca\/International\/wp-json\/wp\/v2\/comments?post=79192"}],"version-history":[{"count":0,"href":"https:\/\/linitiative.ca\/International\/wp-json\/wp\/v2\/posts\/79192\/revisions"}],"wp:attachment":[{"href":"https:\/\/linitiative.ca\/International\/wp-json\/wp\/v2\/media?parent=79192"}],"wp:term":[{"taxonomy":"category","embeddable":true,"href":"https:\/\/linitiative.ca\/International\/wp-json\/wp\/v2\/categories?post=79192"},{"taxonomy":"post_tag","embeddable":true,"href":"https:\/\/linitiative.ca\/International\/wp-json\/wp\/v2\/tags?post=79192"}],"curies":[{"name":"wp","href":"https:\/\/api.w.org\/{rel}","templated":true}]}}