{"id":79194,"date":"2020-03-16T14:02:09","date_gmt":"2020-03-16T18:02:09","guid":{"rendered":"https:\/\/linitiative.ca\/International\/lancement-dune-operation-de-desinfection-des-espaces\/"},"modified":"2020-03-16T14:02:09","modified_gmt":"2020-03-16T18:02:09","slug":"lancement-dune-operation-de-desinfection-des-espaces","status":"publish","type":"post","link":"https:\/\/linitiative.ca\/International\/lancement-dune-operation-de-desinfection-des-espaces\/","title":{"rendered":"Lancement d\u2019une op\u00e9ration de d\u00e9sinfection des espaces"},"content":{"rendered":"<div readability=\"38\">\n<p>Marrakech \u2013 Le Bureau Communal d\u2019Hygi\u00e8ne (BCH) de Marrakech a lanc\u00e9, samedi dernier, une op\u00e9ration de d\u00e9sinfection et de st\u00e9rilisation des diff\u00e9rents espaces et services administratifs au niveau de la cit\u00e9 ocre et ce, dans le cadre des mesures de pr\u00e9vention de la propagation du coronavirus.<\/p>\n<\/div>\n<div readability=\"78\">\n<p>Cette action s\u2019inscrit dans le cadre des mesures pr\u00e9ventives et proactives visant la lutte contre cette pand\u00e9mie, afin d\u2019assurer la protection des fonctionnaires de la Commune de Marrakech, des visiteurs des diff\u00e9rents services administratifs et de la population en g\u00e9n\u00e9ral, explique la Commune dans un communiqu\u00e9.<\/p>\n<p>Ainsi, gr\u00e2ce aux interventions d\u2019une \u00e9quipe sp\u00e9cialis\u00e9e dudit Bureau, men\u00e9e en coordination avec le Comit\u00e9 de veille et des diff\u00e9rents services de la wilaya de la r\u00e9gion, la Commune de Marrakech a proc\u00e9d\u00e9 \u00e0 la d\u00e9sinfection de l\u2019espace du palais municipal et de l\u2019annexe du si\u00e8ge de la Commune, situ\u00e9 au niveau de l\u2019avenue Mohammed VI, ainsi que des diff\u00e9rents locaux et services administratifs communaux.<\/p>\n<p>Cette op\u00e9ration a concern\u00e9 \u00e9galement les si\u00e8ges des arrondissements et de leurs annexes administratives, ainsi que plusieurs march\u00e9s urbains communaux, outre les places publiques telles que la Place de Jamaa El Fna.<\/p>\n<p>L\u2019\u00e9quipe du BCH a, en outre, proc\u00e9d\u00e9 \u00e0 la d\u00e9sinfection des taxis au niveau de tous leurs points d\u2019arr\u00eats et stations, sachant que cette op\u00e9ration va \u00eatre poursuivie dans le cadre des mesures de pr\u00e9vention et de pr\u00e9caution.<\/p>\n<p>Cette action devra se poursuivre jusqu\u2019\u00e0 vendredi prochain pour englober les districts de police, les tribunaux, les gares routi\u00e8re et ferroviaire, les stations de bus, les mosqu\u00e9es et les administrations publiques.<\/p>\n<p>Et la m\u00eame source de pr\u00e9ciser que la direction g\u00e9n\u00e9rale des services, aux c\u00f4t\u00e9s du BCH et des diff\u00e9rents divisions et services communaux, restera \u00e0 la disposition de la population en mati\u00e8re de communication, de conseils et de coop\u00e9ration en vue d\u2019ex\u00e9cuter et de mettre en \u0153uvre les mesures pr\u00e9ventives fix\u00e9es dans ce cadre, et d\u2019aplanir et transcender les obstacles qui peuvent survenir \u00e0 cette occasion.<\/p>\n<\/div>\n<p>Auteur: Meriem IGASS<br \/>\n<a href=\"http:\/\/www.mapmarrakech.ma\/fr\/lancement-dune-operation-de-desinfection-des-espaces\/\">Cliquez ici pour lire l&rsquo;article depuis sa source.<\/a><\/p>\n","protected":false},"excerpt":{"rendered":"<p>Marrakech \u2013 Le Bureau Communal d\u2019Hygi\u00e8ne (BCH) de Marrakech a lanc\u00e9, samedi dernier, une op\u00e9ration de d\u00e9sinfection et de st\u00e9rilisation des diff\u00e9rents espaces et services administratifs au niveau de la cit\u00e9 ocre et ce, dans le cadre des mesures de pr\u00e9vention de la propagation du coronavirus. Cette action s\u2019inscrit dans le cadre des mesures pr\u00e9ventives [&hellip;]<\/p>\n","protected":false},"author":1788,"featured_media":0,"comment_status":"closed","ping_status":"closed","sticky":false,"template":"","format":"standard","meta":{"fifu_image_url":"","fifu_image_alt":"","footnotes":""},"categories":[54,76],"tags":[],"class_list":["post-79194","post","type-post","status-publish","format-standard","hentry","category-maroc","category-regions"],"_links":{"self":[{"href":"https:\/\/linitiative.ca\/International\/wp-json\/wp\/v2\/posts\/79194","targetHints":{"allow":["GET"]}}],"collection":[{"href":"https:\/\/linitiative.ca\/International\/wp-json\/wp\/v2\/posts"}],"about":[{"href":"https:\/\/linitiative.ca\/International\/wp-json\/wp\/v2\/types\/post"}],"author":[{"embeddable":true,"href":"https:\/\/linitiative.ca\/International\/wp-json\/wp\/v2\/users\/1788"}],"replies":[{"embeddable":true,"href":"https:\/\/linitiative.ca\/International\/wp-json\/wp\/v2\/comments?post=79194"}],"version-history":[{"count":0,"href":"https:\/\/linitiative.ca\/International\/wp-json\/wp\/v2\/posts\/79194\/revisions"}],"wp:attachment":[{"href":"https:\/\/linitiative.ca\/International\/wp-json\/wp\/v2\/media?parent=79194"}],"wp:term":[{"taxonomy":"category","embeddable":true,"href":"https:\/\/linitiative.ca\/International\/wp-json\/wp\/v2\/categories?post=79194"},{"taxonomy":"post_tag","embeddable":true,"href":"https:\/\/linitiative.ca\/International\/wp-json\/wp\/v2\/tags?post=79194"}],"curies":[{"name":"wp","href":"https:\/\/api.w.org\/{rel}","templated":true}]}}