{"id":79196,"date":"2020-03-16T06:08:26","date_gmt":"2020-03-16T10:08:26","guid":{"rendered":"https:\/\/linitiative.ca\/International\/coronavirus-installation-dune-cellule-de-crise-au-niveau-de-la-wilaya-dalger\/"},"modified":"2020-03-16T06:08:26","modified_gmt":"2020-03-16T10:08:26","slug":"coronavirus-installation-dune-cellule-de-crise-au-niveau-de-la-wilaya-dalger","status":"publish","type":"post","link":"https:\/\/linitiative.ca\/International\/coronavirus-installation-dune-cellule-de-crise-au-niveau-de-la-wilaya-dalger\/","title":{"rendered":"Coronavirus: installation d&rsquo;une cellule de crise au niveau de la wilaya d&rsquo;Alger"},"content":{"rendered":"<div readability=\"34\">\n<p><strong>ALGER- Une cellule de crise intersectorielle pour le suivi et la lutte contre la propagation du COVID-19 a \u00e9t\u00e9 install\u00e9e\u00a0dimanche \u00e0 Alger, a indiqu\u00e9 un communiqu\u00e9 des services de wilaya.<\/strong><\/p>\n<\/div>\n<div readability=\"89\">\n<p>\u00ab\u00a0Le wali d&rsquo;Alger, Youcef Chorfa a supervis\u00e9 dimanche l&rsquo;installation d&rsquo;une cellule de crise intersectorielle pour le suivi et la lutte contre la propagation du Covid-19, regroupant les repr\u00e9sentants des corps de s\u00e9curit\u00e9, des Douanes alg\u00e9riennes et de diff\u00e9rents secteurs concern\u00e9s \u00e0 l&rsquo;instar de la Sant\u00e9, la Justice, l&rsquo;Education, les Finances, le Commerce, la Formation et l&rsquo;Enseignement professionnel, l&rsquo;Enseignement sup\u00e9rieur et la Recherche scientifique, la Jeunesse et des Sports, la Communication et la Culture, et ce en vue d&rsquo;accomplir et de poursuivre l&rsquo;action de la cellule de veille install\u00e9e le 27 f\u00e9vrier dernier\u00a0\u00bb, lit-on dans le communiqu\u00e9 rendu public sur la page Facebook de la wilaya d&rsquo;Alger.<\/p>\n<blockquote readability=\"11\">\n<p><em><strong>A ce titre, M. Chorfa a instruit l&rsquo;ensemble des membres de la cellule \u00e0 l&rsquo;effet d&rsquo;intervenir, en cas de besoin, et de mettre en \u0153uvre toutes les mesures s&rsquo;inscrivant dans le cadre de la pr\u00e9vention, la lutte contre le coronavirus et la protection des citoyens.<\/strong><\/em><\/p>\n<\/blockquote>\n<p>Ainsi, il est question d&rsquo;assurer la permanence (24\/24 et 7\/7j), de d\u00e9signer un point focal au niveau du cabinet du wali et de renforcer les capacit\u00e9s de l&rsquo;action pr\u00e9ventive, \u00e0 l&rsquo;effet de freiner la propagation du virus \u00e0 travers l&rsquo;interdiction de certaines activit\u00e9s collectives (culturelles, sportives, scientifiques et de loisirs), susceptibles d&rsquo;acc\u00e9l\u00e9rer la contamination de ce virus, a ajout\u00e9 le communiqu\u00e9.\u00a0 \u00a0 \u00a0 \u00a0 \u00a0\u00a0\u00a0\u00a0\u00a0\u00a0\u00a0\u00a0\u00a0\u00a0\u00a0\u00a0\u00a0\u00a0\u00a0 \u00a0<\/p>\n<p>A ce propos, M. Chorfa a mis en avant l&rsquo;imp\u00e9ratif application, par les secteurs, de les toutes les mesures pr\u00e9ventives notamment les op\u00e9rations p\u00e9riodiques de d\u00e9sinfection au niveau des si\u00e8ges et lieux de travail.<\/p>\n<p>Par ailleurs, la protection civile, le Croissant rouge alg\u00e9rien (CRA) et les Scouts musulmans alg\u00e9riens (SMA) ont \u00e9t\u00e9 charg\u00e9s d&rsquo;organiser des campagnes de sensibilisation au niveau des espaces publics sur le danger de ce virus et les moyens d&rsquo;y faire face, ajoute le communiqu\u00e9.<\/p>\n<blockquote readability=\"9\">\n<p><em><strong>L&rsquo;installation d&rsquo;une telle cellule s&rsquo;inscrit dans le cadre de l&rsquo;application des instructions du Pr\u00e9sident de la R\u00e9publique visant la prise de toutes les mesures devant emp\u00eacher la propagation du Covid-19 outre la mobilisation de tous les moyens n\u00e9cessaires pour la protection des citoyens, mais aussi en application de l&rsquo;instruction du Premier ministre\u00a0Relative \u00a0\u00e0 la mise en place d&rsquo;un dispositif national pour faire face aux menaces \u00e9manant du Coronavirus.<\/strong><\/em><\/p>\n<\/blockquote>\n<p>Le minist\u00e8re de l&rsquo;Int\u00e9rieur, des collectivit\u00e9s locales et de l&rsquo;am\u00e9nagement du territoire a d\u00e9j\u00e0 engag\u00e9 l&rsquo;application de cette instruction \u00e0 travers la constitution d&rsquo;une commission multisectorielle pour la pr\u00e9vention, le suivi et la lutte contre la propagation de ce virus , en vue de prendre toutes les mesures pr\u00e9ventives devant emp\u00eacher la propagation de cette pand\u00e9mie.<\/p>\n<\/div>\n<p>Auteur:<br \/>\n<a href=\"http:\/\/www.aps.dz\/regions\/103073-coronavirus-installation-d-une-cellule-de-crise-au-niveau-de-la-wilaya-d-alger\">Cliquez ici pour lire l&rsquo;article depuis sa source.<\/a><\/p>\n","protected":false},"excerpt":{"rendered":"<p>ALGER- Une cellule de crise intersectorielle pour le suivi et la lutte contre la propagation du COVID-19 a \u00e9t\u00e9 install\u00e9e\u00a0dimanche \u00e0 Alger, a indiqu\u00e9 un communiqu\u00e9 des services de wilaya. \u00ab\u00a0Le wali d&rsquo;Alger, Youcef Chorfa a supervis\u00e9 dimanche l&rsquo;installation d&rsquo;une cellule de crise intersectorielle pour le suivi et la lutte contre la propagation du Covid-19, [&hellip;]<\/p>\n","protected":false},"author":1790,"featured_media":0,"comment_status":"closed","ping_status":"closed","sticky":false,"template":"","format":"standard","meta":{"fifu_image_url":"","fifu_image_alt":"","footnotes":""},"categories":[53,76],"tags":[],"class_list":["post-79196","post","type-post","status-publish","format-standard","hentry","category-algerie","category-regions"],"_links":{"self":[{"href":"https:\/\/linitiative.ca\/International\/wp-json\/wp\/v2\/posts\/79196","targetHints":{"allow":["GET"]}}],"collection":[{"href":"https:\/\/linitiative.ca\/International\/wp-json\/wp\/v2\/posts"}],"about":[{"href":"https:\/\/linitiative.ca\/International\/wp-json\/wp\/v2\/types\/post"}],"author":[{"embeddable":true,"href":"https:\/\/linitiative.ca\/International\/wp-json\/wp\/v2\/users\/1790"}],"replies":[{"embeddable":true,"href":"https:\/\/linitiative.ca\/International\/wp-json\/wp\/v2\/comments?post=79196"}],"version-history":[{"count":0,"href":"https:\/\/linitiative.ca\/International\/wp-json\/wp\/v2\/posts\/79196\/revisions"}],"wp:attachment":[{"href":"https:\/\/linitiative.ca\/International\/wp-json\/wp\/v2\/media?parent=79196"}],"wp:term":[{"taxonomy":"category","embeddable":true,"href":"https:\/\/linitiative.ca\/International\/wp-json\/wp\/v2\/categories?post=79196"},{"taxonomy":"post_tag","embeddable":true,"href":"https:\/\/linitiative.ca\/International\/wp-json\/wp\/v2\/tags?post=79196"}],"curies":[{"name":"wp","href":"https:\/\/api.w.org\/{rel}","templated":true}]}}