{"id":79197,"date":"2020-03-16T06:55:57","date_gmt":"2020-03-16T10:55:57","guid":{"rendered":"https:\/\/linitiative.ca\/International\/illizi-installation-dune-cellule-de-crise-multisectorielle-de-prevention-contre-le-covid-19\/"},"modified":"2020-03-16T06:55:57","modified_gmt":"2020-03-16T10:55:57","slug":"illizi-installation-dune-cellule-de-crise-multisectorielle-de-prevention-contre-le-covid-19","status":"publish","type":"post","link":"https:\/\/linitiative.ca\/International\/illizi-installation-dune-cellule-de-crise-multisectorielle-de-prevention-contre-le-covid-19\/","title":{"rendered":"Illizi: installation d\u2019une cellule de crise multisectorielle de pr\u00e9vention contre le Covid-19  \u00a0"},"content":{"rendered":"<div readability=\"34\">\n<p><strong>ILLIZI- une cellule de crise multisectorielle de pr\u00e9vention du coronavirus (Covid-19) a \u00e9t\u00e9 install\u00e9e dans la wilaya d\u2019Illizi, a-t-on appris lundi des services de la wilaya.<\/strong><\/p>\n<\/div>\n<div readability=\"67\">\n<p>\u00a0La cellule regroupe les repr\u00e9sentants de et des corps constitu\u00e9s, \u00e0 l\u2019instar de la Sant\u00e9, le commerce, l\u2019\u00e9ducation, les t\u00e9l\u00e9communications, la Jeunesse et les sports, la Culture, les Douanes et autres, a-t-on pr\u00e9cis\u00e9.<\/p>\n<p>\u00a0Le wali d\u2019Illizi, Mustapha Aghamir, a donn\u00e9 des instructions aux membres de la cellule de crise afin de maintenir un niveau \u00e9lev\u00e9 de vigilance afin de pr\u00e9venir tout risque de propagation de la maladie, et de\u00a0veiller \u00e0 la protection de la sant\u00e9 du citoyen.<\/p>\n<p><strong>\u00a0Parmi les mesures pr\u00e9ventives pr\u00e9conis\u00e9es, assurer une permanence H24 et 7\/7 jours, assurer un point focal au niveau du Cabinet du wali, renforcer les capacit\u00e9s d\u2019anticipation afin de pr\u00e9venir la propagation du virus, en plus d\u2019interdire les activit\u00e9s collectives (culturelles, sportives et de loisirs) et de veiller \u00e0 la propret\u00e9 et l\u2019aseptisation des lieux de travail, a-t-on fait savoir.<\/strong><\/p>\n<p>La cellule de crise reste mobilis\u00e9e aussi pour sensibiliser la population et la tenir inform\u00e9e de l\u2019\u00e9volution de la situation et des dispositions prises pour pr\u00e9venir la maladie et pr\u00e9server la sant\u00e9 publique, en plus de\u00a0l\u2019appeler \u00e0 adopter les mesures de pr\u00e9caution n\u00e9cessaires face \u00e0 cette situation, ajoute la source.<\/p>\n<\/div>\n<p>Auteur:<br \/>\n<a href=\"http:\/\/www.aps.dz\/regions\/103080-illizi-installation-d-une-cellule-de-crise-multisectorielle-de-prevention-contre-le-covid-19\">Cliquez ici pour lire l&rsquo;article depuis sa source.<\/a><\/p>\n","protected":false},"excerpt":{"rendered":"<p>ILLIZI- une cellule de crise multisectorielle de pr\u00e9vention du coronavirus (Covid-19) a \u00e9t\u00e9 install\u00e9e dans la wilaya d\u2019Illizi, a-t-on appris lundi des services de la wilaya. \u00a0La cellule regroupe les repr\u00e9sentants de et des corps constitu\u00e9s, \u00e0 l\u2019instar de la Sant\u00e9, le commerce, l\u2019\u00e9ducation, les t\u00e9l\u00e9communications, la Jeunesse et les sports, la Culture, les Douanes [&hellip;]<\/p>\n","protected":false},"author":1790,"featured_media":0,"comment_status":"closed","ping_status":"closed","sticky":false,"template":"","format":"standard","meta":{"fifu_image_url":"","fifu_image_alt":"","footnotes":""},"categories":[53,76],"tags":[],"class_list":["post-79197","post","type-post","status-publish","format-standard","hentry","category-algerie","category-regions"],"_links":{"self":[{"href":"https:\/\/linitiative.ca\/International\/wp-json\/wp\/v2\/posts\/79197","targetHints":{"allow":["GET"]}}],"collection":[{"href":"https:\/\/linitiative.ca\/International\/wp-json\/wp\/v2\/posts"}],"about":[{"href":"https:\/\/linitiative.ca\/International\/wp-json\/wp\/v2\/types\/post"}],"author":[{"embeddable":true,"href":"https:\/\/linitiative.ca\/International\/wp-json\/wp\/v2\/users\/1790"}],"replies":[{"embeddable":true,"href":"https:\/\/linitiative.ca\/International\/wp-json\/wp\/v2\/comments?post=79197"}],"version-history":[{"count":0,"href":"https:\/\/linitiative.ca\/International\/wp-json\/wp\/v2\/posts\/79197\/revisions"}],"wp:attachment":[{"href":"https:\/\/linitiative.ca\/International\/wp-json\/wp\/v2\/media?parent=79197"}],"wp:term":[{"taxonomy":"category","embeddable":true,"href":"https:\/\/linitiative.ca\/International\/wp-json\/wp\/v2\/categories?post=79197"},{"taxonomy":"post_tag","embeddable":true,"href":"https:\/\/linitiative.ca\/International\/wp-json\/wp\/v2\/tags?post=79197"}],"curies":[{"name":"wp","href":"https:\/\/api.w.org\/{rel}","templated":true}]}}