{"id":79212,"date":"2020-03-16T15:14:00","date_gmt":"2020-03-16T19:14:00","guid":{"rendered":"https:\/\/linitiative.ca\/International\/equipe-dalgerie-en-medjani-tout-ce-que-realise-mahrez-en-ce-moment-il-nous-lavait-dit-a-son-arrivee-en-2014\/"},"modified":"2020-03-16T15:14:00","modified_gmt":"2020-03-16T19:14:00","slug":"equipe-dalgerie-en-medjani-tout-ce-que-realise-mahrez-en-ce-moment-il-nous-lavait-dit-a-son-arrivee-en-2014","status":"publish","type":"post","link":"https:\/\/linitiative.ca\/International\/equipe-dalgerie-en-medjani-tout-ce-que-realise-mahrez-en-ce-moment-il-nous-lavait-dit-a-son-arrivee-en-2014\/","title":{"rendered":"Equipe d&rsquo;Alg\u00e9rie : EN : Medjani \u00abTout ce que r\u00e9alise Mahrez en ce moment, il nous l\u2019avait dit \u00e0 son arriv\u00e9e en 2014\u00bb"},"content":{"rendered":"<div readability=\"32\">\n<p>Auteur : <span>Moumen Ait Kaci Ali<\/span> <span class=\"time\">lundi 16 mars 2020 14:59<\/span><\/p>\n<\/div>\n<div id=\"post_core\" readability=\"148\">\n<p>Dans cette deuxi\u00e8me partie de la longue interview qu\u2019il nous avait accord\u00e9e, Carl Medjani, qui est pass\u00e9 du statut de rempla\u00e7ant \u00e0 celui de capitaine d\u2019\u00e9quipe, raconte plusieurs anecdotes v\u00e9cues en s\u00e9lection et revient sur les meilleures \u00e9tapes travers\u00e9es avec notamment deux Coupes du monde et deux CAN jou\u00e9es avec l\u2019Alg\u00e9rie. \u00a0<\/p>\n<p><strong>Vous \u00eates arriv\u00e9 en 2010, en s\u00e9lection, vous avez trouv\u00e9 une \u00e9quipe en place et vous avez toujours accept\u00e9 d\u2019\u00eatre rempla\u00e7ant, pourriez-vous revenir sur cette situation ?<\/strong><br \/>J\u2019ai toujours dit que j\u2019\u00e9tais l\u00e0 pour rendre service, je suis arriv\u00e9 sur la pointe des pieds car je savais que l\u2019Equipe nationale avait r\u00e9alis\u00e9 un parcours exceptionnel avec ce fameux match contre l\u2019Egypte. Malheureusement pour certains \u00e9l\u00e9ments de cette \u00e9poque, Cheikh Sa\u00e2dane avait fait le choix de faire venir des binationaux \u00e0 fort potentiel et qui pouvaient avoir un avenir dans cette s\u00e9lection sur le long terme. Kadir, Mesbah, Boudebouz, Rais Mbolhi et moi-m\u00eame \u00e9tions venus dans l\u2019unique but de rendre service au pays, on se faisait petits car on savait que des joueurs avaient fait un \u00e9norme boulot pour jouer ce Mondial-2010.<\/p>\n<p><strong>Racontez-nous un peu comment vous \u00eates arriv\u00e9 \u00e0 vous imposer ?<\/strong><br \/>Lorsqu\u2019on regarde mon parcours en Equipe nationale, je peux dire que j\u2019ai gravi les \u00e9chelons petit \u00e0 petit. Du statut de rempla\u00e7ant jusqu\u2019\u00e0 un joueur titulaire indiscutable pour devenir capitaine de cette \u00e9quipe. J\u2019ai v\u00e9cu des moments magnifiques avec de la r\u00e9ussite et des \u00e9checs aussi. Aujourd\u2019hui, je suis fier de ce que j\u2019ai pu faire avec l\u2019Equipe nationale. Je sais aussi ce que je dois \u00e0 l\u2019Equipe nationale.<\/p>\n<p><strong>\u00c7a vous a permis de croiser surtout vos anciens camarades \u00e0 Liverpool en Afrique du Sud, comme Steven Gerrard ou Jamie Carragher ?<\/strong><br \/>Exactement, c\u2019\u00e9tait pour moi une grande chance d\u2019avoir sign\u00e9 \u00e0 Liverpool \u00e0 l\u2019\u00e2ge de 18 ans et de pouvoir c\u00f4toyer des joueurs d\u2019exception comme Steven Gerrard, Emile Heskey ou Jamie Carragher que j\u2019ai eu la chance de retrouver en Afrique du Sud en Coupe du monde 2010. C\u2019\u00e9tait\u00a0 un joli clin d\u2019\u0153il, je m\u2019entrainais avec eux \u00e0 Liverpool et lorsqu\u2019on s\u2019\u00e9tait revus en 2010 lors du match contre l\u2019Angleterre, je ne les voyais plus de la m\u00eame fa\u00e7on. J\u2019avais grandi un petit peu. \u00a0<\/p>\n<p><strong>Mahrez \u00e9tait aussi arriv\u00e9 en 2014, vous l\u2019avez vu grandir, racontez-nous un peu son \u00e9volution en s\u00e9lection ?<\/strong><br \/>Ah Riyad : son histoire est vraiment particuli\u00e8re. Je vous fais une confidence. Tout ce que r\u00e9alise Riyad aujourd\u2019hui, il nous l\u2019avait annonc\u00e9 \u00e0 son arriv\u00e9e. Personnellement je l\u2019ai connu en 2013. C\u2019\u00e9tait lors de mon premier match avec Monaco contre Le Havre. Il y avait Walid Mesloub avec qui je\u00a0 partageais une discussion. Je ne connaissais pas Mahrez, ensuite il est venu me saluer, se pr\u00e9sente et me dit : \u00abCarl, j\u2019arrive bient\u00f4t en Equipe nationale. Fais-moi confiance, je serai bient\u00f4t en s\u00e9lection.\u00bb<\/p>\n<p><strong>Vous lui avez dit quoi ?<\/strong><br \/>J\u2019ai r\u00e9pondu : \u00abEcoute, si tu m\u00e9rites de venir en Equipe nationale, tu seras inch\u2019Allah bien accueilli. Tu verras, tu seras bien entour\u00e9\u00bb. Apr\u00e8s, il arrive en 2014 en Equipe nationale et lance \u00e0 tout le monde : \u00abLes gars, ne croyez pas que je suis l\u00e0 pour rigoler, bient\u00f4t je serai titulaire et dans 2 ou 3 ans, je serai dans un Top 3 du championnat anglais\u00bb. On rigolait, on se disait : \u00abMais il est plein d\u2019assurance le mec !\u00bb (Rires). Il nous disait toujours : \u00abLes gars, j\u2019ai une motivation et des ambitions, aujourd\u2019hui lorsqu\u2019on regarde ce qu\u2019il r\u00e9alise, on n\u2019est pas \u00e9tonn\u00e9s mais on en est tous fiers.<\/p>\n<p><strong>Quel est le meilleur souvenir de votre carri\u00e8re ?<\/strong><br \/>Le but contre le Burkina Faso est le plus important de ma carri\u00e8re. C\u2019est vrai qu\u2019on retient plus le but de Madjid Bougherra au match retour \u00e0 Blida mais si on ne marquait pas Feghouli et moi au match aller, on ne se serait pas qualifi\u00e9s au Mondial 2014 au Br\u00e9sil. Donc ce but a une importance capitale dans la qualification. Apr\u00e8s, il y a aussi le match contre la Russie o\u00f9 on obtient notre billet en huiti\u00e8mes de finale de la Coupe du monde pour la premi\u00e8re fois dans l\u2019histoire de l\u2019EN. On entre dans l\u2019histoire, C\u2019est un souvenir magnifique.<\/p>\n<p>Un autre fait que vous ne pouvez jamais regretter d\u2019avoir v\u00e9cu en s\u00e9lection ?<br \/>C\u2019est ma rencontre avec Mbolhi que j\u2019ai connu en 2010. Depuis, on rest\u00e9s amis. Rais est un fr\u00e8re,\u00a0 c\u2019est un membre de ma famille. On a v\u00e9cu beaucoup de choses ensemble en Equipe nationale et en dehors. Ce mec sait que s\u2019il a besoin de moi, je serai l\u00e0 et je sais aussi que si demain j\u2019aurai besoin\u00a0 de lui, il sera l\u00e0. Vous voyez, c\u2019est plus qu\u2019une amiti\u00e9. C\u2019est mon gars dans la vie.<\/p>\n<p><strong>Le souvenir de la Coupe du monde reste aussi le match contre l\u2019Allemagne\u2026<\/strong><br \/>Oui, c\u2019est clair, quand les Allemands reconnaissent que le match de l\u2019Alg\u00e9rie est celui qui leur a fait le plus peur, cela suffit pour dire qu\u2019on n\u2019\u00e9tait pas loin. Un match ne ressemble jamais \u00e0 un autre mais personne ne peut dire aujourd\u2019hui que si nous avions battu l\u2019Allemagne on ne serait pas all\u00e9s loin.<\/p>\n<p><strong>Je vous cite des noms de joueurs et vous allez me r\u00e9pondre en un mot, Rais Mbolhi ?<\/strong><br \/>L\u2019assurance\u2026<\/p>\n<p><strong>Bougherra ?<\/strong><br \/>La gourmandise<\/p>\n<p><strong>Mesbah ?<\/strong><br \/>Le tacticien<\/p>\n<p><strong>Guedioura ?<\/strong><br \/>Le robot<\/p>\n<p><strong>Feghouli ?<\/strong><br \/>L\u2019abn\u00e9gation<\/p>\n<p><strong>Mahrez ?<\/strong><br \/>Le talent<\/p>\n<p><strong>Slimani ?<\/strong><br \/>Le combattant<\/p>\n<p><strong>Et le poteau contre son camp de Soudani contre le Burkina Faso dans le temps additionnel ?<\/strong><br \/>(Il rit franchement) Ohhh on a eu peur, pas mal comme souvenir aussi (il reprend \u00e0 rire)<\/p>\n<p><strong>Vous lui avez dit quoi apr\u00e8s le coup de sifflet final ?<\/strong><br \/>(Rires) Franchement, je suis all\u00e9 envers lui et je lui ai dit, \u00abHilal c\u2019est le plus beau poteau de ta vie.\u00bb<\/p>\n<p><strong>Un dernier mot pour le public ?<\/strong><br \/>Je suis reconnaissant pour tous les messages qu\u2019ils m\u2019ont adress\u00e9s sur mon compte Instagram ainsi que sur les autres r\u00e9seaux sociaux. Je suis fier de leur appartenir et d\u2019avoir d\u00e9fendu les couleurs de l\u2019Alg\u00e9rie. Il y a une vie apr\u00e8s l\u2019EN, mais je garderai tous les moments partag\u00e9s avec ce peuple unique et je serai au service de mon pays quoi qu\u2019il en soit.<\/p>\n<p><strong>Publi\u00e9 dans :<\/strong> <span>en<\/span> <span>Medjani<\/span> <span>Mahrez<\/span><\/p>\n<\/div>\n<p>Auteur:<br \/>\n<a href=\"http:\/\/www.lebuteur.com\/article\/detail?titre=en-medjani-tout-ce-que-realise-mahrez-en-ce-moment-il-nous-lavait-dit-a-son-arrivee-en-2014&#038;id=95308&#038;utm_source=feedburner&#038;utm_medium=feed&#038;utm_campaign=Feed%3A+GalerieFArtciles+%28Les+derniers+articles++-+lebuteur.com%29\">Cliquez ici pour lire l&rsquo;article depuis sa source.<\/a><\/p>\n","protected":false},"excerpt":{"rendered":"<p>Auteur : Moumen Ait Kaci Ali lundi 16 mars 2020 14:59 Dans cette deuxi\u00e8me partie de la longue interview qu\u2019il nous avait accord\u00e9e, Carl Medjani, qui est pass\u00e9 du statut de rempla\u00e7ant \u00e0 celui de capitaine d\u2019\u00e9quipe, raconte plusieurs anecdotes v\u00e9cues en s\u00e9lection et revient sur les meilleures \u00e9tapes travers\u00e9es avec notamment deux Coupes du [&hellip;]<\/p>\n","protected":false},"author":1738,"featured_media":79213,"comment_status":"closed","ping_status":"closed","sticky":false,"template":"","format":"standard","meta":{"fifu_image_url":"","fifu_image_alt":"","footnotes":""},"categories":[53,75],"tags":[],"class_list":["post-79212","post","type-post","status-publish","format-standard","has-post-thumbnail","hentry","category-algerie","category-sport"],"_links":{"self":[{"href":"https:\/\/linitiative.ca\/International\/wp-json\/wp\/v2\/posts\/79212","targetHints":{"allow":["GET"]}}],"collection":[{"href":"https:\/\/linitiative.ca\/International\/wp-json\/wp\/v2\/posts"}],"about":[{"href":"https:\/\/linitiative.ca\/International\/wp-json\/wp\/v2\/types\/post"}],"author":[{"embeddable":true,"href":"https:\/\/linitiative.ca\/International\/wp-json\/wp\/v2\/users\/1738"}],"replies":[{"embeddable":true,"href":"https:\/\/linitiative.ca\/International\/wp-json\/wp\/v2\/comments?post=79212"}],"version-history":[{"count":0,"href":"https:\/\/linitiative.ca\/International\/wp-json\/wp\/v2\/posts\/79212\/revisions"}],"wp:featuredmedia":[{"embeddable":true,"href":"https:\/\/linitiative.ca\/International\/wp-json\/"}],"wp:attachment":[{"href":"https:\/\/linitiative.ca\/International\/wp-json\/wp\/v2\/media?parent=79212"}],"wp:term":[{"taxonomy":"category","embeddable":true,"href":"https:\/\/linitiative.ca\/International\/wp-json\/wp\/v2\/categories?post=79212"},{"taxonomy":"post_tag","embeddable":true,"href":"https:\/\/linitiative.ca\/International\/wp-json\/wp\/v2\/tags?post=79212"}],"curies":[{"name":"wp","href":"https:\/\/api.w.org\/{rel}","templated":true}]}}