{"id":79214,"date":"2020-03-16T15:14:05","date_gmt":"2020-03-16T19:14:05","guid":{"rendered":"https:\/\/linitiative.ca\/International\/international-lallemagne-accuse-trump-davoir-voulu-sapproprier-un-projet-de-vaccin\/"},"modified":"2020-03-16T15:14:05","modified_gmt":"2020-03-16T19:14:05","slug":"international-lallemagne-accuse-trump-davoir-voulu-sapproprier-un-projet-de-vaccin","status":"publish","type":"post","link":"https:\/\/linitiative.ca\/International\/international-lallemagne-accuse-trump-davoir-voulu-sapproprier-un-projet-de-vaccin\/","title":{"rendered":"International : L\u2019Allemagne accuse Trump d&rsquo;avoir voulu s&rsquo;approprier un projet de vaccin"},"content":{"rendered":"<div readability=\"32\">\n<p>Auteur : <span>In lexpress.fr<\/span> <span class=\"time\">lundi 16 mars 2020 14:59<\/span><\/p>\n<\/div>\n<div id=\"post_core\" readability=\"146\">\n<p>L&rsquo;union sacr\u00e9e pour trouver une issue m\u00e9dicale \u00e0 l&rsquo;\u00e9pid\u00e9mie du coronavirus est en train de voler en \u00e9clats. Le gouvernement d&rsquo;Angela Merkel a accus\u00e9 dimanche soir les Etats-Unis de Donald Trump d&rsquo;avoir tent\u00e9 de s&rsquo;approprier un projet de vaccin contre le Covid-19 d\u00e9velopp\u00e9 par un laboratoire allemand, pr\u00e9venant qu&rsquo;il ferait tout qu&rsquo;il soit d\u00e9velopp\u00e9 en Europe. Tr\u00e8s vertement, le ministre de l&rsquo;Economie Peter Altmaier a pr\u00e9venu que l&rsquo;Allemagne \u00ab\u00a0n&rsquo;est pas \u00e0 vendre\u00a0\u00bb, a protest\u00e9 le ministre de l&rsquo;Economie sur la cha\u00eene de t\u00e9l\u00e9vision publique ARD, apr\u00e8s des informations r\u00e9v\u00e9l\u00e9es par le quotidien allemand Die Welt. D&rsquo;apr\u00e8s le journal, Donald Trump a tent\u00e9 de faire main basse sur un laboratoire allemand qui d\u00e9veloppe le virus en lui proposant une tr\u00e8s grosse somme d&rsquo;argent. Le ministre de l&rsquo;Int\u00e9rieur Horst Seehofer a confirm\u00e9 la v\u00e9racit\u00e9 des informations du quotidien. \u00ab\u00a0Je peux juste dire que j&rsquo;ai entendu aujourd&rsquo;hui \u00e0 plusieurs reprises de la part de membres du gouvernent que c&rsquo;est exact\u00a0\u00bb, a-t-il dit lors d&rsquo;une conf\u00e9rence de presse. Il a annonc\u00e9 dans la foul\u00e9e que le sujet serait abord\u00e9 lundi par le \u00ab\u00a0comit\u00e9 de crise\u00a0\u00bb du gouvernement charg\u00e9 de piloter la lutte contre l&rsquo;\u00e9pid\u00e9mie de coronavirus qui a touch\u00e9 \u00e0 ce jour en Allemagne pr\u00e8s de 5.000 personnes et fait 12 morts.<br \/><strong>Un vaccin qui serait r\u00e9serv\u00e9 aux Am\u00e9ricains<\/strong><br \/>L&rsquo;objet des convoitises am\u00e9ricaines : le laboratoire allemand CureVac, situ\u00e9 \u00e0 T\u00fcbingen dans le sud-ouest du pays, qui est l&rsquo;un de ceux dans le monde qui travaillent sur un vaccin contre le Covid-19, en b\u00e9n\u00e9ficiant de subventions du gouvernement allemand. Il affirme \u00eatre \u00ab\u00a0\u00e0 quelques mois\u00a0\u00bb de pouvoir pr\u00e9senter un projet pour validation. Selon le journal allemand, le pr\u00e9sident am\u00e9ricain, Donald Trump, essaie d&rsquo;attirer \u00e0 coups de millions de dollars des scientifiques allemands travaillant sur ce potentiel vaccin ou d&rsquo;en obtenir l&rsquo;exclusivit\u00e9 pour son pays en investissant dans l&rsquo;entreprise. Dans ce cas, le vaccin serait alors \u00ab\u00a0seulement pour les Etats-Unis\u00a0\u00bb, a affirm\u00e9 au journal une source proche du gouvernement allemand. Un repr\u00e9sentant gouvernemental am\u00e9ricain, interrog\u00e9 dimanche par l&rsquo;AFP, a estim\u00e9 que cette affaire \u00e9tait \u00ab\u00a0grandement exag\u00e9r\u00e9e\u00a0\u00bb. Parlant sous couvert de l&rsquo;anonymat, il a indiqu\u00e9 que le gouvernement am\u00e9ricain avait parl\u00e9 \u00e0 plus de 25 laboratoires pharmaceutiques affirmant pouvoir d\u00e9velopper un vaccin et assur\u00e9 que \u00ab\u00a0toute solution qui viendrait \u00e0 \u00eatre trouv\u00e9e serait partag\u00e9e avec le reste du monde\u00a0\u00bb. Le fait est toutefois que le P-DG de la soci\u00e9t\u00e9 allemande a \u00e9t\u00e9 personnellement invit\u00e9 par le pr\u00e9sident am\u00e9ricain le 3 mars \u00e0 la Maison Blanche pour discuter \u00ab\u00a0des strat\u00e9gies et des opportunit\u00e9s visant \u00e0 un d\u00e9veloppement rapide d&rsquo;un vaccin contre le coronavirus\u00a0\u00bb, selon un communiqu\u00e9 de ce laboratoire.<br \/>\u00a0<\/p>\n<p><strong>Alg\u00e9rie<\/strong><\/p>\n<p><strong>Les mosqu\u00e9es ne seront pas ferm\u00e9es en Alg\u00e9rie<\/strong><\/p>\n<p>Les mosqu\u00e9es ne seront pas ferm\u00e9es en Alg\u00e9rie, a fait savoir ce dimanche soir le ministre des Affaires religieuses Youcef Belmehdi sur le plateau du jt de 20h de l\u2019ENTV. Parmi les mesures de pr\u00e9vention contre la propagation du coronavirus dans les mosqu\u00e9es annonc\u00e9es par le ministre, apr\u00e8s la r\u00e9union de la commission alg\u00e9rienne des fetwas : les imams sont appel\u00e9s \u00e0 accourcir au maximum les pr\u00eaches de pri\u00e8re du vendredi, annuler les cours religieux. Les vieux, les enfants et les femmes ne seront pas autoris\u00e9s \u00e0 se rendre dans les mosqu\u00e9es.<\/p>\n<p><strong>Djerad : \u00abPlusieurs millions de dollars de mat\u00e9riel import\u00e9 en une semaine pour faire face au Coronavirus\u00bb<\/strong><br \/>L&rsquo;Alg\u00e9rie a import\u00e9, en une semaine, plusieurs millions de dollars de mat\u00e9riels pour faire face au coronavirus, a assur\u00e9 dimanche \u00e0 Alger, le Premier ministre, Abdelaziz Djerad. \u00abNous avons \u00e9t\u00e9, comme le monde entier, surpris par cette pand\u00e9mie, et nous essayons avec les comp\u00e9tences et les ressources humaines que nous avons et le mat\u00e9riel dont nous disposons d&rsquo;y faire face. En une semaine, nous avons import\u00e9 plusieurs millions de dollars de mat\u00e9riels, de cam\u00e9ras thermiques, de kits, de gans pour pallier aux insuffisances que nous avions au d\u00e9but\u00a0\u00bb, a-t-il indiqu\u00e9 \u00e0 la Cha\u00eene 3 de la Radio nationale.<\/p>\n<p><strong>46 millions d\u2019Espagnols confin\u00e9s \u00e0 leur domicile<\/strong><br \/>Depuis ce dimanche, quarante-six millions d\u2019Espagnols sont confin\u00e9s chez eux. La proclamation de l\u2019\u00e9tat d\u2019urgence par un Conseil des ministres extraordinaire samedi, entr\u00e9 en vigueur le soir m\u00eame lors de sa publication au Journal officiel, laisse quelques exceptions pour sortir de chez soi: se rendre \u00e0 son poste de travail et en revenir, acheter des aliments, des m\u00e9dicaments ou des biens de premi\u00e8re n\u00e9cessit\u00e9, se rendre aux urgences ou chez le m\u00e9decin, prendre soin d\u2019une personne d\u00e9pendante, aller \u00e0 la banque ou r\u00e9pondre \u00e0 une situation de force majeure.<\/p>\n<p><strong>L\u2019Espagne d\u00e9ploie l\u2019arm\u00e9e<\/strong><br \/>Le minist\u00e8re de la D\u00e9fense a d\u00e9cid\u00e9 de d\u00e9ployer l\u2019Unit\u00e9 d\u2019Urgence Militaire dans les rues de Madrid, Valence, S\u00e9ville, Saragosse, Le\u00f3n, Las Palmas de Gran Canaria et Santa Cruz de Tenerife, dans le cadre de l\u2019\u00e9tat d\u2019urgence pour lutter contre le Coronavirus.<\/p>\n<p><strong>Etat d&rsquo;urgence en Serbie<\/strong><br \/>Le pr\u00e9sident serbe Aleksandar Vucic a d\u00e9cr\u00e9t\u00e9 dimanche l&rsquo;\u00e9tat d&rsquo;urgence, annon\u00e7ant que l&rsquo;arm\u00e9e serait mobilis\u00e9e pour contribuer \u00e0 la lutte contre la pand\u00e9mie du nouveau coronavirus. \u00ab\u00a0A partir de demain, il n&rsquo;y a plus d&rsquo;\u00e9cole, pas de cr\u00e8che, pas de facult\u00e9, tout ferme, pas d&rsquo;entra\u00eenement, de sport (&#8230;) on ferme la vie pour sauver la vie, pour sauver nos parents, pour sauver nos personnes \u00e2g\u00e9es\u00a0\u00bb, a d\u00e9clar\u00e9 le pr\u00e9sident serbe \u00e0 la t\u00e9l\u00e9vision.<\/p>\n<p><strong>Record de d\u00e9c\u00e8s en 24 heures en Italie<\/strong><br \/>L\u2019Italie, pays le plus touch\u00e9 en Europe, a enregistr\u00e9 368 nouveaux d\u00e9c\u00e8s li\u00e9s au coronavirus, un record en 24 heures, ce qui fait grimper le nombre des morts \u00e0 1 809 pour 24 747 cas dans le pays, le plus touch\u00e9 en Europe.<\/p>\n<p><strong>La Grande-Bretagne envisage le confinement des personnes de plus de 70 ans<\/strong><br \/>Le gouvernement britannique, critiqu\u00e9 pour sa r\u00e9ponse attentiste face au nouveau coronavirus, a d\u00e9fendu, dimanche, sa politique et envisage des mesures de confinement des personnes \u00e2g\u00e9es de plus de 70 ans. Un plan d\u2019action pourrait \u00eatre d\u00e9voil\u00e9 mardi.<\/p>\n<p><strong>Un journal italien publie 11 pages de n\u00e9crologie<\/strong><br \/>Le principal quotidien de la r\u00e9gion de Bergame, l\u2019Eco di Bergamo, a publi\u00e9 onze pages de petites annonces de d\u00e9c\u00e8s. 11 pages contre les 3 habituelles, pour un total de 157 annonces.<\/p>\n<p><strong>Publi\u00e9 dans :<\/strong> <span>en<\/span> <span>Djerad<\/span><\/p>\n<\/div>\n<p>Auteur:<br \/>\n<a href=\"http:\/\/www.lebuteur.com\/article\/detail?titre=lallemagne-accuse-trump-davoir-voulu-sapproprier-un-projet-de-vaccin&#038;id=95307&#038;utm_source=feedburner&#038;utm_medium=feed&#038;utm_campaign=Feed%3A+GalerieFArtciles+%28Les+derniers+articles++-+lebuteur.com%29\">Cliquez ici pour lire l&rsquo;article depuis sa source.<\/a><\/p>\n","protected":false},"excerpt":{"rendered":"<p>Auteur : In lexpress.fr lundi 16 mars 2020 14:59 L&rsquo;union sacr\u00e9e pour trouver une issue m\u00e9dicale \u00e0 l&rsquo;\u00e9pid\u00e9mie du coronavirus est en train de voler en \u00e9clats. Le gouvernement d&rsquo;Angela Merkel a accus\u00e9 dimanche soir les Etats-Unis de Donald Trump d&rsquo;avoir tent\u00e9 de s&rsquo;approprier un projet de vaccin contre le Covid-19 d\u00e9velopp\u00e9 par un laboratoire [&hellip;]<\/p>\n","protected":false},"author":1738,"featured_media":79215,"comment_status":"closed","ping_status":"closed","sticky":false,"template":"","format":"standard","meta":{"fifu_image_url":"","fifu_image_alt":"","footnotes":""},"categories":[53,75],"tags":[],"class_list":["post-79214","post","type-post","status-publish","format-standard","has-post-thumbnail","hentry","category-algerie","category-sport"],"_links":{"self":[{"href":"https:\/\/linitiative.ca\/International\/wp-json\/wp\/v2\/posts\/79214","targetHints":{"allow":["GET"]}}],"collection":[{"href":"https:\/\/linitiative.ca\/International\/wp-json\/wp\/v2\/posts"}],"about":[{"href":"https:\/\/linitiative.ca\/International\/wp-json\/wp\/v2\/types\/post"}],"author":[{"embeddable":true,"href":"https:\/\/linitiative.ca\/International\/wp-json\/wp\/v2\/users\/1738"}],"replies":[{"embeddable":true,"href":"https:\/\/linitiative.ca\/International\/wp-json\/wp\/v2\/comments?post=79214"}],"version-history":[{"count":0,"href":"https:\/\/linitiative.ca\/International\/wp-json\/wp\/v2\/posts\/79214\/revisions"}],"wp:featuredmedia":[{"embeddable":true,"href":"https:\/\/linitiative.ca\/International\/wp-json\/"}],"wp:attachment":[{"href":"https:\/\/linitiative.ca\/International\/wp-json\/wp\/v2\/media?parent=79214"}],"wp:term":[{"taxonomy":"category","embeddable":true,"href":"https:\/\/linitiative.ca\/International\/wp-json\/wp\/v2\/categories?post=79214"},{"taxonomy":"post_tag","embeddable":true,"href":"https:\/\/linitiative.ca\/International\/wp-json\/wp\/v2\/tags?post=79214"}],"curies":[{"name":"wp","href":"https:\/\/api.w.org\/{rel}","templated":true}]}}