{"id":79216,"date":"2020-03-16T15:14:09","date_gmt":"2020-03-16T19:14:09","guid":{"rendered":"https:\/\/linitiative.ca\/International\/equipe-dalgerie-loption-dachat-pour-ghezzal-ne-sera-pas-levee\/"},"modified":"2020-03-16T15:14:09","modified_gmt":"2020-03-16T19:14:09","slug":"equipe-dalgerie-loption-dachat-pour-ghezzal-ne-sera-pas-levee","status":"publish","type":"post","link":"https:\/\/linitiative.ca\/International\/equipe-dalgerie-loption-dachat-pour-ghezzal-ne-sera-pas-levee\/","title":{"rendered":"Equipe d&rsquo;Alg\u00e9rie : L\u2019option d\u2019achat pour Ghezzal ne sera pas lev\u00e9e"},"content":{"rendered":"<div readability=\"32\">\n<p>Auteur : <span>Riad O.<\/span> <span class=\"time\">lundi 16 mars 2020 15:00<\/span><\/p>\n<\/div>\n<div id=\"post_core\" readability=\"157\">\n<p>Le club italien de la Fiorentina n\u2019envisage pas de lever l\u2019option d\u2019achat pour son joueur alg\u00e9rien, Rachid Ghezzal. C\u2019est ce qu\u2019a indiqu\u00e9 la presse italienne. Le joueur milieu de terrain alg\u00e9rien avait rejoint la S\u00e9rie A l\u2019\u00e9t\u00e9 dernier \u00e0 titre de pr\u00eat en provenance de Leicester City contre la somme de 300 000 euros. Le montant de cette clause d\u2019option d\u2019achat qui existe dans le contrat de pr\u00eat de Ghezzal pour la Fiornetina est fix\u00e9 \u00e0 9,7 millions d\u2019euros. Selon le site, Fiorentina News, qui s\u2019int\u00e9resse \u00e0 l\u2019actualit\u00e9 de la Viola, les responsables du club italien ne seraient gu\u00e8re chauds pour conserver leur joueur alg\u00e9rien. Il faut dire que Ghezzal a connu des hauts et des bas cette saison en S\u00e9rie A. L\u2019ancien joueur de l\u2019Olympique Lyonnais a disput\u00e9 douze matchs avec son \u00e9quipe en championnat et en Coupe d\u2019Italie. N\u2019ayant pas r\u00e9ussi \u00e0 ouvrir son compteur buts avec la Fiorentina, Ghezzal compte \u00e0 son actif une seule passe d\u00e9cisive depuis le d\u00e9but de la saison. Ghezzal n\u2019a d\u2019ailleurs pas pris part aux deux pr\u00e9c\u00e9dentes rencontres de son \u00e9quipe en championnat contre le Milan AC et l\u2019Udinese. Il faut dire que cette situation commence \u00e0 durer pour Ghezzal. Ces trois derni\u00e8res saisons, le joueur en question a v\u00e9cu des moments difficiles avec ses clubs respectifs en l\u2019occurrence l\u2019AS Monaco, Leicester City et la Fiorentina. C\u2019est aussi pour cette raison que Ghezzal est sorti des plans de l\u2019EN et n\u2019a pas pris part au moindre match avec les Verts depuis plus d\u2019une ann\u00e9e. Sa derni\u00e8re apparition sous le maillot national remonte aux \u00e9liminatoires de la CAN 2019 contre le B\u00e9nin.<\/p>\n<p><strong>Plusieurs de ses co\u00e9quipiers touch\u00e9s par le coronavirus<\/strong><br \/>Dans un autre registre, plusieurs joueurs de la Fiorentina sont touch\u00e9s par le coronavirus. En effet, la direction du club italien a annonc\u00e9 que deux de ses joueurs, Cutrone et Pezzella, ainsi que le membre du staff m\u00e9dical Stefano Dainelli, \u00e9taient touch\u00e9s par le coronavirus. Ils sont donc d\u00e9sormais quatre \u00e0 avoir \u00e9t\u00e9 atteint par le virus au sein de la Fiorentina. Devant cette situation, la Fiorentina a d\u00e9cid\u00e9 d\u2019arr\u00eater les entra\u00eenements. Pour rappel, la Serie A est \u00e0 l\u2019arr\u00eat pour le moment.<\/p>\n<p><strong>Feghouli muet contre le Besiktas<\/strong><br \/>\u00a0Le derby stambouliote qui avait mis aux prises hier le Galatasaray avec le Besiktas n\u2019a pas connu de vainqueur. Les deux \u00e9quipes se sont quitt\u00e9es sur un r\u00e9sultat nul.\u00a0 L\u2019attaquant de l\u2019Equipe nationale Sofiane Feghouli a commenc\u00e9 la partie d\u2019entr\u00e9e. Peu efficace que lors du dernier match contre le Sivasspor, o\u00f9 il avait marqu\u00e9 un but et d\u00e9livr\u00e9 une passe d\u00e9cisive, Sofiane a jou\u00e9 toute la rencontre mais sans marquer.<\/p>\n<p><strong>Alors que la Premier League est \u00e0 l\u2019arr\u00eat en raison du coronavirus<br \/>Bentaleb a h\u00e2te de retrouver les terrains<\/strong><br \/>Le championnat anglais, et \u00e0 l\u2019instar des autres comp\u00e9titions footballistiques majeures, est \u00e0 l\u2019arr\u00eat en raison du coronavirus. Ainsi, Nabil Bentaleb et son team de Newcastle ne sont pas encore fix\u00e9s sur la date de leur retour \u00e0 la comp\u00e9tition. Toutefois, le joueur alg\u00e9rien des Magpies a h\u00e2te de retrouver le chemin des terrains : \u00abWill be back soon ! Incha\u2019Allah\u00bb, a-t-il post\u00e9 sur les r\u00e9seaux sociaux. Bentaleb a aussi post\u00e9 une photo de lui \u00e0 l\u2019entra\u00eenement de son \u00e9quipe. Il faut dire que Bentaleb a retrouv\u00e9 le sourire depuis son arriv\u00e9e, lors du pr\u00e9c\u00e9dent mercato hivernal, \u00e0 Newcastle o\u00f9 il a r\u00e9ussi \u00e0 s\u2019imposer comme un des joueurs cl\u00e9s de l\u2019\u00e9quipe. Bentaleb a connu des moments compliqu\u00e9s lors de la premi\u00e8re moiti\u00e9 de saison avec Schalke 04. Pour rappel, ce joueur a retrouv\u00e9 le chemin de la comp\u00e9tition le 25 janvier avec Newcastle o\u00f9 il a disput\u00e9 jusqu\u2019\u00e0 pr\u00e9sent, six matchs entre la Premier League et la Cup.<br \/>\u00a0<\/p>\n<p><strong>11 ans plus tard, les Pharaons n\u2019arrivent toujours pas \u00e0 dig\u00e9rer la d\u00e9faite contre les Verts :<br \/>Ahmed Eid Abdel Malek \u00abVoil\u00e0 pourquoi nous avions perdu contre l\u2019Alg\u00e9rie \u00e0 Oum Dourman !\u00bb<\/strong><\/p>\n<p>Environ onze ans plus tard, les Egyptiens n\u2019arrivent toujours pas \u00e0 oublier leur d\u00e9faite contre l\u2019Equipe nationale en match barrage pour la qualification \u00e0 la Coupe du monde 2010 en Afrique du Sud. Ce match, qui s\u2019\u00e9tait d\u00e9roul\u00e9 \u00e0 Oum Dourman, au Soudan, avait vu les Verts battre avec beaucoup de brio les Pharaons et composter ainsi leur billet pour le Mondial 2010. Preuve qu\u2019ils ont encore en travers de la gorge cette d\u00e9faite, les Egyptiens reviennent \u00e0 chaque fois sur ce match pour \u00e9voquer la rencontre et ses coulisses. Les Pharaons, qui refusent d\u2019admettre le m\u00e9rite des Verts dans cette qualif\u2019, continuent d\u2019affirmer que c\u2019\u00e9taient eux qui m\u00e9ritaient de se qualifier pour le Mondial 2010, en raison des r\u00e9sultats des deux rencontres (3-1) au stade Mustapha-Tchaker de Blida et (0-2) au Cairo Stadium, loin du match barrage qui s\u2019est disput\u00e9 \u00e0 Oum Dourman et qui s\u2019\u00e9tait alors sold\u00e9 sur le score d\u2019un but \u00e0 z\u00e9ro en faveur des hommes de Sa\u00e2dane. Cette fois, c\u2019est l\u2019ancien joueur du Zamalek et de la s\u00e9lection \u00e9gyptienne, Ahmed Eid Abdel Malek, qui s\u2019est exprim\u00e9 sur la d\u00e9faite des Pharaons \u00e0 Oum Dourman contre la s\u00e9lection nationale. Il a \u00e9voqu\u00e9 les raisons de ce revers conc\u00e9d\u00e9 contre les co\u00e9quipiers de Karim Ziani. Ahmed Eid Abdel Malek est d\u2019abord revenu sur le match disput\u00e9 au Cairo Stadium : \u00abHassan Shehata nous a demand\u00e9 de faire preuve de beaucoup de sang- froid. Certains joueurs \u00e9taient stress\u00e9s, en raison de la forte pression qui caract\u00e9risait ce match. Mais Shehata nous a dit qu\u2019on allait gagner, peu importe ce qui arrivera. C\u2019est ce qui s\u2019est finalement produit puisqu\u2019on s\u2019\u00e9tait impos\u00e9s sur le score de deux buts \u00e0 z\u00e9ro. Le public a fait la diff\u00e9rence lors de ce match. Sans les r\u00e8glements de la comp\u00e9tition, on se serait alors qualifi\u00e9s \u00e0 la Coupe du monde au vu des r\u00e9sultats des deux matchs disput\u00e9s en aller-retour. Toutefois, on \u00e9tait dans l\u2019obligation de disputer un match barrage pour d\u00e9terminer le qualifi\u00e9 pour le Mondial 2010.\u00bb Toutefois, et en \u00e9voquant ce fameux match entre l\u2019Alg\u00e9rie et l\u2019Egypte, Ahmed Eid Abdel Malek n\u2019a, \u00e0 aucun moment, \u00e9voqu\u00e9 les tristes \u00e9v\u00e8nements qui avaient \u00e9maill\u00e9 le match disput\u00e9 au Caire et l\u2019agression dont ont \u00e9t\u00e9 victimes les hommes de Rabah Sa\u00e2dane \u00e0 leur arriv\u00e9e en Egypte. S\u2019expriment sur le match barrage qui s\u2019\u00e9tait disput\u00e9 \u00e0 Oum Dourman, l\u2019ancien joueur de l\u2019\u00e9quipe des Pharaons, Ahmed Eid Abdel Malek, a d\u00e9clar\u00e9 : \u00abNous, on avait perdu apr\u00e8s la fin du match disput\u00e9 au Caire. Ce jour-l\u00e0, tout le monde a c\u00e9l\u00e9br\u00e9 ce succ\u00e8s d\u2019une mani\u00e8re exag\u00e9r\u00e9e. La presse nous voyait d\u00e9j\u00e0 au Mondial. C\u2019\u00e9tait le point n\u00e9gatif qu\u2019on devait \u00e9viter. Pourtant, les Alg\u00e9riens avaient peur de nous car ils ne s\u2019attendaient pas \u00e0 nous voir revenir en force lors de ces \u00e9liminatoires et nos succ\u00e8s contre le Rwanda et la Zambie en dehors de nos bases. Les supporters qui nous avaient accompagn\u00e9s au Soudan n\u2019\u00e9taient pas des supportes de foot. Il s\u2019agissait de fans qui avaient fait le d\u00e9placement uniquement pour faire la f\u00eate. A cela s\u2019ajoute le fait que nous n\u2019\u00e9tions pas dans notre jour lors de ce match.\u00bb<br \/>\u00a0<\/p>\n<p><strong>Alors que l\u2019Alg\u00e9rien a retrouv\u00e9 son meilleur niveau<\/strong><\/p>\n<p><strong>Adrien Ponsard \u00abBoudebouz nous<br \/>a qualifi\u00e9s pour la finale de la Coupe de France, je suis super content pour lui\u00bb<\/strong><\/p>\n<p>De l\u2019avis de tous les fans de l\u2019AS Saint-Etienne, Ryad Boudebouz a retrouv\u00e9 la pl\u00e9nitude de ses moyens. Le joueur alg\u00e9rien, qui est pass\u00e9 par des moments tr\u00e8s compliqu\u00e9s en d\u00e9but de saison, a \u00e9t\u00e9 l\u2019auteur du but de la qualification de son \u00e9quipe pour la finale de la Coupe de France contre le Stade Rennais. Ce jour-l\u00e0, Boudebouz a r\u00e9ussi \u00e0 d\u00e9livrer les St\u00e9phanois en leur permettant de retrouver de nouveau le Stade de France et animer la finale de la Coupe de France.\u00a0 Cela faisait 38 ans que les Verts ne s&rsquo;\u00e9taient pas hiss\u00e9s en finale de la Coupe de France. La fin de cette disette, gr\u00e2ce \u00e0 un but de Boudebouz qui\u00a0 avait, rappelons-le, pouss\u00e9 les supporters, frustr\u00e9s depuis le d\u00e9but de saison par les mauvais r\u00e9sultats en championnat, \u00e0 envahir la pelouse au coup de sifflet final. Chroniqueur pour le m\u00e9dia fran\u00e7ais, But Saint-Etienne, l\u2019ancien attaquant de l\u2019ASSE, Adrien Ponsard s\u2019est r\u00e9joui des deux derniers matches de Ryad Boudebouz, redevenu d\u00e9cisif avec les Verts : \u00abBoudebouz nous a qualifi\u00e9s pour la finale de la Coupe de France. Je suis super content pour lui. On l\u2019a beaucoup critiqu\u00e9, moi le premier, parce qu\u2019il n\u2019a pas apport\u00e9 ce qu\u2019on \u00e9tait en droit d\u2019attendre de lui. Mais nos deux plus grandes \u00e9motions de la saison, on les lui doit : son but contre Rennes et son centre sur la t\u00eate de Beric, lors du derby\u00bb, a-t-il r\u00e9v\u00e9l\u00e9.<\/p>\n<p><strong>\u00abRyad est un mec adorable, tr\u00e8s gentil avec tout le monde\u00bb<\/strong><br \/>L\u2019ancien attaquant de l\u2019AS Saint-Etienne,\u00a0 Adrien Ponsard, a ajout\u00e9 aussi : \u00abQuand on voit ses commentaires apr\u00e8s la 1\/2 finale, les larmes aux yeux, c\u2019\u00e9tait vraiment touchant. On sent que le mec est impliqu\u00e9. C\u2019\u00e9tait fort. On entend beaucoup de choses sur le vestiaire, l\u2019implication des mecs, l\u2019ambiance. Voir \u00e7a, c\u2019est rassurant sur la volont\u00e9 des joueurs, sur leur envie de s\u2019en sortir. Boudebouz, je le croise \u00e0 l\u2019\u00e9cole de mon fils. Khazri aussi. Ce sont des mecs abordables. Ils sont gentils avec tout le monde. Boudebouz \u00e9tait au spectacle des petits. On voit que c\u2019est un bon mec. Il a toujours le sourire. Cela change de certains.\u00bb Voil\u00e0 qui devrait fait plaisir \u00e0 Boudebouz.<\/p>\n<p><strong>Publi\u00e9 dans :<\/strong> <span>en<\/span> <span>Feghouli<\/span> <span>besiktas<\/span><\/p>\n<\/div>\n<p>Auteur:<br \/>\n<a href=\"http:\/\/www.lebuteur.com\/article\/detail?titre=loption-dachat-pour-ghezzal-ne-sera-pas-levee&#038;id=95306&#038;utm_source=feedburner&#038;utm_medium=feed&#038;utm_campaign=Feed%3A+GalerieFArtciles+%28Les+derniers+articles++-+lebuteur.com%29\">Cliquez ici pour lire l&rsquo;article depuis sa source.<\/a><\/p>\n","protected":false},"excerpt":{"rendered":"<p>Auteur : Riad O. lundi 16 mars 2020 15:00 Le club italien de la Fiorentina n\u2019envisage pas de lever l\u2019option d\u2019achat pour son joueur alg\u00e9rien, Rachid Ghezzal. C\u2019est ce qu\u2019a indiqu\u00e9 la presse italienne. Le joueur milieu de terrain alg\u00e9rien avait rejoint la S\u00e9rie A l\u2019\u00e9t\u00e9 dernier \u00e0 titre de pr\u00eat en provenance de Leicester [&hellip;]<\/p>\n","protected":false},"author":1738,"featured_media":79217,"comment_status":"closed","ping_status":"closed","sticky":false,"template":"","format":"standard","meta":{"fifu_image_url":"","fifu_image_alt":"","footnotes":""},"categories":[53,75],"tags":[],"class_list":["post-79216","post","type-post","status-publish","format-standard","has-post-thumbnail","hentry","category-algerie","category-sport"],"_links":{"self":[{"href":"https:\/\/linitiative.ca\/International\/wp-json\/wp\/v2\/posts\/79216","targetHints":{"allow":["GET"]}}],"collection":[{"href":"https:\/\/linitiative.ca\/International\/wp-json\/wp\/v2\/posts"}],"about":[{"href":"https:\/\/linitiative.ca\/International\/wp-json\/wp\/v2\/types\/post"}],"author":[{"embeddable":true,"href":"https:\/\/linitiative.ca\/International\/wp-json\/wp\/v2\/users\/1738"}],"replies":[{"embeddable":true,"href":"https:\/\/linitiative.ca\/International\/wp-json\/wp\/v2\/comments?post=79216"}],"version-history":[{"count":0,"href":"https:\/\/linitiative.ca\/International\/wp-json\/wp\/v2\/posts\/79216\/revisions"}],"wp:featuredmedia":[{"embeddable":true,"href":"https:\/\/linitiative.ca\/International\/wp-json\/"}],"wp:attachment":[{"href":"https:\/\/linitiative.ca\/International\/wp-json\/wp\/v2\/media?parent=79216"}],"wp:term":[{"taxonomy":"category","embeddable":true,"href":"https:\/\/linitiative.ca\/International\/wp-json\/wp\/v2\/categories?post=79216"},{"taxonomy":"post_tag","embeddable":true,"href":"https:\/\/linitiative.ca\/International\/wp-json\/wp\/v2\/tags?post=79216"}],"curies":[{"name":"wp","href":"https:\/\/api.w.org\/{rel}","templated":true}]}}