{"id":79218,"date":"2020-03-16T15:14:11","date_gmt":"2020-03-16T19:14:11","guid":{"rendered":"https:\/\/linitiative.ca\/International\/equipe-dalgerie-dans-un-communique-du-mjs-publie-hier-le-football-sarrete\/"},"modified":"2020-03-16T15:14:11","modified_gmt":"2020-03-16T19:14:11","slug":"equipe-dalgerie-dans-un-communique-du-mjs-publie-hier-le-football-sarrete","status":"publish","type":"post","link":"https:\/\/linitiative.ca\/International\/equipe-dalgerie-dans-un-communique-du-mjs-publie-hier-le-football-sarrete\/","title":{"rendered":"Equipe d&rsquo;Alg\u00e9rie : Dans un communiqu\u00e9 du MJS publi\u00e9 hier : Le football s\u2019arr\u00eate"},"content":{"rendered":"<div readability=\"32\">\n<p>Auteur : <span>Hamza R<\/span> <span class=\"time\">lundi 16 mars 2020 15:00<\/span><\/p>\n<\/div>\n<div id=\"post_core\" readability=\"129\">\n<p>Hier en milieu d\u2019apr\u00e8s-midi, le minist\u00e8re de la Jeunesse et des Sports a annonc\u00e9 via un communiqu\u00e9 de presse, la suspension des diff\u00e9rentes comp\u00e9titions sportives, \u00e0 cause du coronavirus qui commence \u00e0 toucher s\u00e9rieusement l\u2019Alg\u00e9rie. Hier, le minist\u00e8re de la Sant\u00e9 publique a annonc\u00e9 que le nombre des personnes contamin\u00e9es a atteint les 48 pour quatre cas de d\u00e9c\u00e8s. Du coup, l\u2019Alg\u00e9rie est en face d\u2019un danger monstre et cela a oblig\u00e9 les diff\u00e9rents secteurs \u00e0 prendre des mesures pr\u00e9ventives. Le minist\u00e8re de la Jeunesse et des Sports avait d\u00e9cid\u00e9, mardi dernier, de restreindre les comp\u00e9titions sportives nationales au mode du huis clos jusqu&rsquo;au 31 mars et de reporter les manifestations internationales devant se d\u00e9rouler en Alg\u00e9rie, dans le cadre des mesures de pr\u00e9vention face au coronavirus. Mais il semble que cette mesure ne semble pas efficace, ce qui a pouss\u00e9 le MJS, en concertation avec le minist\u00e8re de la Sant\u00e9, d\u2019arr\u00eater toutes les comp\u00e9titions sportives et de reporter toutes les manifestations concernant les jeunes, jusqu\u2019au d\u00e9but du mois d\u2019avril.<br \/><strong>Reprise possible le 5 avril si les choses s\u2019am\u00e9liorent<\/strong><br \/>Dans le communiqu\u00e9 du MJS, il est clairement mentionn\u00e9 que les comp\u00e9titions sportives et toutes les manifestations concernant le sport ou la jeunesse devront reprendre le 5 avril : \u00ab Il a \u00e9t\u00e9 d\u00e9cid\u00e9 \u00e9galement la fermeture de toutes les infrastructures sportives, de jeunesse et de loisirs, jusqu&rsquo;au 5 avril, sauf pour les athl\u00e8tes qualifi\u00e9s aux jeux Olympiques de Tokyo-2020 et ceux engag\u00e9s dans les tournois qualificatifs, en concertation avec leurs f\u00e9d\u00e9rations et les services habilit\u00e9s du MJS. Le report concerne \u00e9galement les activit\u00e9s et sorties en plein air ainsi que l&rsquo;organisation des assembl\u00e9es g\u00e9n\u00e9rales des structures d&rsquo;animation sportives \u00bb. Seulement, une source autoris\u00e9e au niveau de la f\u00e9d\u00e9ration nous a r\u00e9v\u00e9l\u00e9 hier que dans le cas o\u00f9 les choses en restent l\u00e0 o\u00f9 s\u2019aggravent, il n\u2019est pas question que les comp\u00e9titions sportives reprennent. Autrement dit, le MJS restera en contact permanent avec le minist\u00e8re de la Sant\u00e9 pour \u00e9tudier l\u2019\u00e9ventuelle reprise des manifestations sportives et qui concernent la jeunesse, en cas o\u00f9 les choses s\u2019am\u00e9liorent. La FAF a \u00e9t\u00e9 inform\u00e9e hier dans l\u2019apr\u00e8s-midi pour annuler toutes les comp\u00e9titions sportives, \u00e0 partir d\u2019aujourd\u2019hui lundi 16 mars. Pour sa part, l\u2019instance dirig\u00e9e par Kheireddine Zetchi a saisi la LFP que pr\u00e9side Abdelkrim Medouar pour trouver une solution.<br \/><strong>MCA &#8211; PAC et les matchs de coupe seront reprogramm\u00e9s<\/strong><br \/>Par ailleurs, le match MCA-PAC, comptant pour la mise \u00e0 jour de Ligue 1 (17e journ\u00e9e) sera report\u00e9 lui aussi \u00e0 une date ult\u00e9rieure, suivant les instructions du minist\u00e8re de la Jeunesse et des Sports. Cette rencontre a \u00e9t\u00e9 programm\u00e9e initialement pour le 26 mars courant au stade du 5-Juillet. Finalement, la rencontre aura lieu au-del\u00e0 du 5 avril, si le football reprend ses droits. Idem pour les matchs retour des quarts de finale de la coupe d\u2019Alg\u00e9rie. Ils sont en effet report\u00e9s eux aussi \u00e0 une date ult\u00e9rieure, alors qu\u2019on pensait les faire jouer au d\u00e9but du mois d\u2019avril. Il faut rappeler qu\u2019avant-hier samedi, la LFP avait annonc\u00e9 le nouveau calendrier du championnat. Malgr\u00e9 l\u2019annulation de la tr\u00eave internationale, la LFP a d\u00e9cid\u00e9 de ne pas programmer de matchs de championnat jusqu\u2019au 1er Avril. Voil\u00e0 que le communiqu\u00e9 du MJS est venu changer compl\u00e8tement la donne.<br \/><strong>La LFP va \u00e9tablir un nouveau calendrier<\/strong><br \/>Ainsi, la Ligue de football professionnel va \u00e9tablir d\u00e8s aujourd\u2019hui ou demain un nouveau calendrier concernant la reprise du championnat, \u00e0 partir du 5 avril, comme indiqu\u00e9 dans le communiqu\u00e9 de la f\u00e9d\u00e9ration et selon les directives qui ont \u00e9t\u00e9 dict\u00e9es par le MJS. Seulement, ce calendrier risque encore une fois de changer dans la mesure o\u00f9 tout est li\u00e9 \u00e0 la situation du pays vis-\u00e0-vis de cette pand\u00e9mie qui est en train d\u2019alerter le monde entier. Ainsi, avec les matchs de championnat et de la coupe d\u2019Alg\u00e9rie, la saison sportive risque d\u2019aller jusqu\u2019au mois de juin.<br \/><strong>Le BF va \u00e9tudier la possible suspension du championnat<\/strong><br \/>Selon une source bien inform\u00e9e, le Bureau f\u00e9d\u00e9ral va se r\u00e9unir dans sa prochaine session pour se pr\u00e9parer \u00e0 une \u00e9ventuelle interruption des diff\u00e9rents championnats \u00e0 cause du coronavirus. Dans cette situation, ce sera un v\u00e9ritable casse-t\u00eate pour l\u2019instance f\u00e9d\u00e9rale concernant l\u2019actuelle saison. L\u00e0, il faudra se poser plusieurs questions sur les d\u00e9cisions qui seront prises par la FAF sur l\u2019identit\u00e9 des \u00e9quipes qui acc\u00e8deront et ceux qui r\u00e9trogradent. Le probl\u00e8me se posera s\u00e9rieusement car il s\u2019agit d\u2019une ann\u00e9e o\u00f9 il y aura un changement de format de comp\u00e9tition en Alg\u00e9rie. La FAF se retrouvera aussi embarrass\u00e9 sur le choix des \u00e9quipes qui repr\u00e9senteront l\u2019Alg\u00e9rie lors des comp\u00e9titions interclubs de la CAF pour la saison 2020\/2021. Ce sera un s\u00e9rieux probl\u00e8me et, donc, le BF devrait commencer les consultations pour trouver une issue dans le cas o\u00f9 le championnat sera suspendu d\u00e9finitivement.<br \/>\u00a0<\/p>\n<p><strong>Eliminatoires de la Coupe du monde 2022<br \/>La CAF inspecte le 5-Juillet et Tchaker<\/strong><\/p>\n<p>En pr\u00e9vision des \u00e9liminatoires de la Coupe du monde 2022, une d\u00e9l\u00e9gation de la Conf\u00e9d\u00e9ration africaine de football se trouve \u00e0 Alger, dans le but d\u2019inspecter les stades qui devraient abriter les rencontres de l\u2019Equipe nationale. La FAF a choisi deux stades, \u00e0 savoir Mustapha-Tchaker de Blida et le 5-Juillet, pour recevoir ses h\u00f4tes : \u00ab En r\u00e9f\u00e9rence \u00e0 la circulaire de la CAF du 2 f\u00e9vrier 2020 relative au projet d\u2019inspection des stades de la CAF pour la prochaine campagne des matchs des \u00e9liminatoires de la Coupe du monde Qatar 2022, une \u00e9quipe d\u2019inspection est en mission en Alg\u00e9rie du 12 au 16 mars 2020. Cette \u00e9quipe, compos\u00e9e de l\u2019\u00e9gyptien M. Mazen Ahmed Marzouk Mohamed (inspecteur) et de l\u2019ancienne l\u00e9gende du football s\u00e9n\u00e9galais Khalilou Fadiga, a pour objet d\u2019inspecter les stades internationaux standards s\u00e9lectionn\u00e9s par la F\u00e9d\u00e9ration alg\u00e9rienne de football, les h\u00f4tels concern\u00e9s lors des comp\u00e9titions et les h\u00f4pitaux qui serviront pour les matchs dans le lieu concern\u00e9 \u00bb. Quelques r\u00e9serves ont \u00e9t\u00e9 \u00e9mises sur les deux stades, mais tout devrait aller dans le bon sens car \u00e7a devrait se r\u00e9gler dans les prochains jours.<br \/><strong>La FAF choisit le nouveau stade d\u2019Oran comme solution<\/strong><br \/>Par ailleurs, le nouveau stade d\u2019Oran va servir de solution pour l\u2019EN, ce qui constitue une bonne nouvelle pour la population de l\u2019Ouest et notamment la grande ville d\u2019Oran qui avait accueilli l\u2019EN en 2004 et 2005. Le communiqu\u00e9 de la FAF a annonc\u00e9 que le nouveau stade qui sera pr\u00eat pour les Jeux m\u00e9diterran\u00e9ens de 2021 sera lui aussi inspect\u00e9 : \u00ab Ainsi, les stades visit\u00e9s sont ceux du Chahid Mustapha Tchaker de Blida et celui du 5 Juillet 1962 d\u2019Alger, et puis dans un cadre subsidiaire celui du stade Olympique d\u2019Oran pr\u00e9vu pour les Jeux m\u00e9diterran\u00e9ens 2021. L\u2019inspection men\u00e9e par l\u2019\u00e9quipe de la CAF a port\u00e9 sur les exigences du stade avec la remise de certificats (de s\u00e9curit\u00e9 et d\u2019incendie, de test d\u2019\u00e9clairage) et d\u2019autres documents r\u00e9f\u00e9rents \u00bb.<br \/>\u00a0<\/p>\n<p><strong>La FAF reporte les AG des ligues<\/strong><br \/>A cause du coronavirus qui devient une menace tr\u00e8s s\u00e9rieuse pour l\u2019Alg\u00e9rie, la FAF a proc\u00e9d\u00e9 au report de toutes les assembl\u00e9es g\u00e9n\u00e9rales qui concernent les ligues, a indiqu\u00e9 le communiqu\u00e9 diffus\u00e9 hier : \u00ab La F\u00e9d\u00e9ration alg\u00e9rienne de football (FAF) porte \u00e0 la connaissance de toutes les Ligues que, suite aux recommandations du pr\u00e9sident de la R\u00e9publique Abdelmadjid Tebboune, et le ministre de la Jeunesse et des Sports (MJS) dans le cadre de la pr\u00e9vention et de la lutte contre la pand\u00e9mie du coronavirus (Covid-19), toutes les assembl\u00e9es g\u00e9n\u00e9rales ordinaires (AGO) qui n\u2019ont pas encore \u00e9t\u00e9 tenues sont report\u00e9es jusqu\u2019\u00e0 nouvel ordre. Il s\u2019agit de treize Ligues, dont la Ligue de football professionnel (LFP), la Ligue Inter R\u00e9gions de Football (LIRF), la Ligue nationale de football f\u00e9minin (LNFF) et des ligues r\u00e9gionales et de wilayas restantes. Cette instruction inclue \u00e9galement les Assembl\u00e9es g\u00e9n\u00e9rales \u00e9lectives (AGE) \u00e0 venir \u00bb.<br \/>\u00a0<\/p>\n<p><strong>Communiqu\u00e9 de la cellule de suivi de la FAF<\/strong><br \/>Le Pr\u00e9sident de la F\u00e9d\u00e9ration alg\u00e9rienne de football (FAF), M. Khireddine ZETCHI, qui pr\u00e9side \u00e9galement la Cellule de suivi de la Pand\u00e9mie du Coronavirus (COVID-19) et suit de tout pr\u00e8s la situation dans le milieu du football national, lance un appel \u00e0 tous les acteurs concernant :<br \/>\u2022 Le strict respect des mesures pr\u00e9ventives prises pour endiguer la propagation du COVID-19 pendant les rencontres de football, quelle que soit la division (professionnelle ou amateur), notamment le protocole d\u2019avant, pendant et apr\u00e8s-match ;<br \/><strong>\u2022 L\u2019application par les officiels des matchs des r\u00e8gles du huis-clos \u00e0 observer en interdisant l\u2019acc\u00e8s aux personnes non concern\u00e9es et surtout aux enfants ;<\/strong><br \/>\u2022 La diffusion, par tous les supports m\u00e9diatiques, des consignes, des bonnes pratiques et autres mesures pr\u00e9ventives \u00e0 mettre en \u0153uvre chez les footballeurs (voir document \u00e0 t\u00e9l\u00e9charger) ;<br \/>\u2022 Une coordination de tous les instants avec la Commission m\u00e9dicale de la FAF, que pr\u00e9side Dr Djamel-Eddine DAMERDJI qui est en contact permanent avec les m\u00e9decins sp\u00e9cialistes (\u00e9pid\u00e9miologues), les m\u00e9decins des clubs et les responsables de la Ligue de football professionnel (LFP) \u00e0 travers la cellule mise en place \u00e9galement \u00e0 cet effet.<\/p>\n<p><strong>Publi\u00e9 dans :<\/strong> <span>en<\/span> <span>Abdelkrim Medouar<\/span> <span>Kheireddine Zetchi<\/span><\/p>\n<\/div>\n<p>Auteur:<br \/>\n<a href=\"http:\/\/www.lebuteur.com\/article\/detail?titre=dans-un-communique-du-mjs-publie-hier-le-football-sarrete&#038;id=95305&#038;utm_source=feedburner&#038;utm_medium=feed&#038;utm_campaign=Feed%3A+GalerieFArtciles+%28Les+derniers+articles++-+lebuteur.com%29\">Cliquez ici pour lire l&rsquo;article depuis sa source.<\/a><\/p>\n","protected":false},"excerpt":{"rendered":"<p>Auteur : Hamza R lundi 16 mars 2020 15:00 Hier en milieu d\u2019apr\u00e8s-midi, le minist\u00e8re de la Jeunesse et des Sports a annonc\u00e9 via un communiqu\u00e9 de presse, la suspension des diff\u00e9rentes comp\u00e9titions sportives, \u00e0 cause du coronavirus qui commence \u00e0 toucher s\u00e9rieusement l\u2019Alg\u00e9rie. Hier, le minist\u00e8re de la Sant\u00e9 publique a annonc\u00e9 que le [&hellip;]<\/p>\n","protected":false},"author":1738,"featured_media":79219,"comment_status":"closed","ping_status":"closed","sticky":false,"template":"","format":"standard","meta":{"fifu_image_url":"","fifu_image_alt":"","footnotes":""},"categories":[53,75],"tags":[],"class_list":["post-79218","post","type-post","status-publish","format-standard","has-post-thumbnail","hentry","category-algerie","category-sport"],"_links":{"self":[{"href":"https:\/\/linitiative.ca\/International\/wp-json\/wp\/v2\/posts\/79218","targetHints":{"allow":["GET"]}}],"collection":[{"href":"https:\/\/linitiative.ca\/International\/wp-json\/wp\/v2\/posts"}],"about":[{"href":"https:\/\/linitiative.ca\/International\/wp-json\/wp\/v2\/types\/post"}],"author":[{"embeddable":true,"href":"https:\/\/linitiative.ca\/International\/wp-json\/wp\/v2\/users\/1738"}],"replies":[{"embeddable":true,"href":"https:\/\/linitiative.ca\/International\/wp-json\/wp\/v2\/comments?post=79218"}],"version-history":[{"count":0,"href":"https:\/\/linitiative.ca\/International\/wp-json\/wp\/v2\/posts\/79218\/revisions"}],"wp:featuredmedia":[{"embeddable":true,"href":"https:\/\/linitiative.ca\/International\/wp-json\/"}],"wp:attachment":[{"href":"https:\/\/linitiative.ca\/International\/wp-json\/wp\/v2\/media?parent=79218"}],"wp:term":[{"taxonomy":"category","embeddable":true,"href":"https:\/\/linitiative.ca\/International\/wp-json\/wp\/v2\/categories?post=79218"},{"taxonomy":"post_tag","embeddable":true,"href":"https:\/\/linitiative.ca\/International\/wp-json\/wp\/v2\/tags?post=79218"}],"curies":[{"name":"wp","href":"https:\/\/api.w.org\/{rel}","templated":true}]}}