{"id":79223,"date":"2020-03-15T19:00:00","date_gmt":"2020-03-15T23:00:00","guid":{"rendered":"https:\/\/linitiative.ca\/International\/jeunesse-et-sport-pourvoir-les-postes-de-directeurs-des-instituts-nationaux-de-constantine-et-douargla\/"},"modified":"2020-03-15T19:00:00","modified_gmt":"2020-03-15T23:00:00","slug":"jeunesse-et-sport-pourvoir-les-postes-de-directeurs-des-instituts-nationaux-de-constantine-et-douargla","status":"publish","type":"post","link":"https:\/\/linitiative.ca\/International\/jeunesse-et-sport-pourvoir-les-postes-de-directeurs-des-instituts-nationaux-de-constantine-et-douargla\/","title":{"rendered":"Jeunesse et sport   :  Pourvoir les postes de directeurs des instituts nationaux de Constantine et d\u2019Ouargla"},"content":{"rendered":"<p>Le minist\u00e8re de la Jeunesse et des Sports (MJS) vient de lancer un appel \u00e0 candidatures pour le recrutement d&rsquo;un directeur de l&rsquo;Institut national de formation sup\u00e9rieure des cadres de la jeunesse et des sports de Constantine, et celui des cadres de la jeunesse d&rsquo;Ouargla, a indiqu\u00e9 le d\u00e9partement minist\u00e9riel. \u00a0<br \/>\u00a0\u00abCes postes \u00e0 pourvoir sont destin\u00e9s \u00e0 l&rsquo;intention de tous les cadres relevant du secteur de la jeunesse et des sports et remplissant les conditions statutaires\u00bb, a expliqu\u00e9 le MJS, en d\u00e9crivant le profil recherch\u00e9 (Bac+5 ans d&rsquo;\u00e9tudes sup\u00e9rieures, bonne connaissance du milieu de formation sup\u00e9rieure et sp\u00e9cialis\u00e9e, pragmatique et organis\u00e9, avoir une aisance relationnelle et des capacit\u00e9s de communication, entre autres).<br \/>Les candidats int\u00e9ress\u00e9s par les deux postes auront jusqu&rsquo;au 1er avril 2020 pour postuler, et devront pr\u00e9senter un \u00e9crit d&rsquo;un minimum de trois pages d\u00e9crivant leur vision par rapport \u00e0 la perspective de d\u00e9veloppement p\u00e9dagogique et administratif de l&rsquo;institut, et les retenus d&rsquo;entre eux seront invit\u00e9s pour un entretien avec la commission nationale de s\u00e9lection des candidatures.<br \/>Les deux retenus, apr\u00e8s examens, auront \u00e0 assurer plusieurs missions dont la gestion de l&rsquo;institut qui est un \u00e9tablissement public \u00e0 caract\u00e8re administratif, dot\u00e9 de la personnalit\u00e9 morale et de l&rsquo;autonomie financi\u00e8re sous l&rsquo;autorit\u00e9 du MJS, \u00e0 planifier le d\u00e9veloppement de son institution, passer tous march\u00e9s, conventions, contrats et accords dans le cadre de la r\u00e9glementation en vigueur, selon l&rsquo;appel \u00e0 candidatures.<br \/>Les instituts nationaux de formation sup\u00e9rieure des cadres de la jeunesse et des sports sont charg\u00e9s, entre autres, de concr\u00e9tiser les objectifs de la politique sectorielle en mati\u00e8re de\u00a0 formation des cadres du MJS, assurer les formations adapt\u00e9es au profit du mouvement associatif sportif et de jeunes selon des modalit\u00e9s contractuelles, participer \u00e0 la prise en charge des classes scolaires sous forme de s\u00e9ances p\u00e9dagogiques pratiques, organiser des stages d&rsquo;application dans le cadre de la pr\u00e9paration de l&rsquo;\u00e9lite et des s\u00e9lections sportives et assurer l&rsquo;adaptation p\u00e9dagogique des athl\u00e8tes en vue de leur permettre l&rsquo;acc\u00e8s \u00e0 diff\u00e9rentes formations dispens\u00e9es par l&rsquo;institut.<\/p>\n<p>Auteur: elmoudjahid<br \/>\n<a href=\"http:\/\/www.elmoudjahid.com\/fr\/actualites\/149941\">Cliquez ici pour lire l&rsquo;article depuis sa source.<\/a><\/p>\n","protected":false},"excerpt":{"rendered":"<p>Le minist\u00e8re de la Jeunesse et des Sports (MJS) vient de lancer un appel \u00e0 candidatures pour le recrutement d&rsquo;un directeur de l&rsquo;Institut national de formation sup\u00e9rieure des cadres de la jeunesse et des sports de Constantine, et celui des cadres de la jeunesse d&rsquo;Ouargla, a indiqu\u00e9 le d\u00e9partement minist\u00e9riel. \u00a0\u00a0\u00abCes postes \u00e0 pourvoir sont [&hellip;]<\/p>\n","protected":false},"author":1744,"featured_media":0,"comment_status":"closed","ping_status":"closed","sticky":false,"template":"","format":"standard","meta":{"fifu_image_url":"","fifu_image_alt":"","footnotes":""},"categories":[73,53],"tags":[],"class_list":["post-79223","post","type-post","status-publish","format-standard","hentry","category-actualite","category-algerie"],"_links":{"self":[{"href":"https:\/\/linitiative.ca\/International\/wp-json\/wp\/v2\/posts\/79223","targetHints":{"allow":["GET"]}}],"collection":[{"href":"https:\/\/linitiative.ca\/International\/wp-json\/wp\/v2\/posts"}],"about":[{"href":"https:\/\/linitiative.ca\/International\/wp-json\/wp\/v2\/types\/post"}],"author":[{"embeddable":true,"href":"https:\/\/linitiative.ca\/International\/wp-json\/wp\/v2\/users\/1744"}],"replies":[{"embeddable":true,"href":"https:\/\/linitiative.ca\/International\/wp-json\/wp\/v2\/comments?post=79223"}],"version-history":[{"count":0,"href":"https:\/\/linitiative.ca\/International\/wp-json\/wp\/v2\/posts\/79223\/revisions"}],"wp:attachment":[{"href":"https:\/\/linitiative.ca\/International\/wp-json\/wp\/v2\/media?parent=79223"}],"wp:term":[{"taxonomy":"category","embeddable":true,"href":"https:\/\/linitiative.ca\/International\/wp-json\/wp\/v2\/categories?post=79223"},{"taxonomy":"post_tag","embeddable":true,"href":"https:\/\/linitiative.ca\/International\/wp-json\/wp\/v2\/tags?post=79223"}],"curies":[{"name":"wp","href":"https:\/\/api.w.org\/{rel}","templated":true}]}}