{"id":79224,"date":"2020-03-15T19:00:00","date_gmt":"2020-03-15T23:00:00","guid":{"rendered":"https:\/\/linitiative.ca\/International\/bechar-creation-prochaine-du-parc-naturel-national-de-taghit\/"},"modified":"2020-03-15T19:00:00","modified_gmt":"2020-03-15T23:00:00","slug":"bechar-creation-prochaine-du-parc-naturel-national-de-taghit","status":"publish","type":"post","link":"https:\/\/linitiative.ca\/International\/bechar-creation-prochaine-du-parc-naturel-national-de-taghit\/","title":{"rendered":"B\u00e9char  : Cr\u00e9ation prochaine du parc naturel national de Taghit"},"content":{"rendered":"<div class=\"TxArtcile\" readability=\"20\">\n<p>La cr\u00e9ation officielle du parc naturel national de Taghit (B\u00e9char) sera prochainement publi\u00e9e dans le Journal officiel de la R\u00e9publique alg\u00e9rienne d\u00e9mocratique et populaire, a-t-on appris du conservateur des for\u00eats de la wilaya de Bechar.<br \/>\u00abLa cr\u00e9ation officielle de ce parc naturel et culturel sera prochainement publi\u00e9e et annonc\u00e9e \u00e0 travers le Journal officiel de la R\u00e9publique alg\u00e9rienne d\u00e9mocratique et populaire\u00bb, a affirm\u00e9 \u00e0 l&rsquo;APS M. Jallal Mounir. Le projet, qui a \u00e9t\u00e9 approuv\u00e9 par diff\u00e9rentes instances locales et nationales, permettra la protection dans le cadre de la loi de l&rsquo;environnement et de la biodiversit\u00e9 de la vall\u00e9e de la Saoura, a-t-il expliqu\u00e9.<br \/>Le dossier de cr\u00e9ation du parc naturel de Taghit, avec son plan de gestion et dont les \u00e9tudes ont \u00e9t\u00e9 finalis\u00e9es il y a une d\u00e9cennie par le secteur des for\u00eats, avec la contribution du mouvement associatif local activant dans le domaine de la protection de l&rsquo;environnement, concerne une superficie de 85.000 hectares, extensible \u00e0 200.000 ha.<br \/>Il vise la pr\u00e9servation de la faune et de la flore sp\u00e9cifique \u00e0 une grande partie de la r\u00e9gion de la Saoura et sa surveillance de la destruction et de la disparition, a expliqu\u00e9 le conservateur des for\u00eats.<\/p>\n<\/div>\n<div class=\"ModliArtilUne\">\n<ul>\n<li><strong>Publi\u00e9 dans :<\/strong><\/li>\n<\/ul>\n<\/div>\n<div class=\"MbComIns\" id=\"newcom\" readability=\"5.69402985075\">\n<h6>DONNEZ VOTRE AVIS<\/h6>\n<p>Il n&rsquo;y a actuellement aucune r\u00e9action \u00e0 cette information. Soyez le premier \u00e0 r\u00e9agir !<\/p>\n<p><a href=\"\" rel=\"#popup\" class=\"login resetbutton\">Identifiez-vous<\/a><a class=\"button\" href=\"http:\/\/www.elmoudjahid.com\/fr\/inscription\/\"><span>S&rsquo;inscrire<\/span><\/a><\/p>\n<\/div>\n<p>Auteur: elmoudjahid<br \/>\n<a href=\"http:\/\/www.elmoudjahid.com\/fr\/actualites\/149942\">Cliquez ici pour lire l&rsquo;article depuis sa source.<\/a><\/p>\n","protected":false},"excerpt":{"rendered":"<p>La cr\u00e9ation officielle du parc naturel national de Taghit (B\u00e9char) sera prochainement publi\u00e9e dans le Journal officiel de la R\u00e9publique alg\u00e9rienne d\u00e9mocratique et populaire, a-t-on appris du conservateur des for\u00eats de la wilaya de Bechar.\u00abLa cr\u00e9ation officielle de ce parc naturel et culturel sera prochainement publi\u00e9e et annonc\u00e9e \u00e0 travers le Journal officiel de la [&hellip;]<\/p>\n","protected":false},"author":1744,"featured_media":0,"comment_status":"closed","ping_status":"closed","sticky":false,"template":"","format":"standard","meta":{"fifu_image_url":"","fifu_image_alt":"","footnotes":""},"categories":[73,53],"tags":[],"class_list":["post-79224","post","type-post","status-publish","format-standard","hentry","category-actualite","category-algerie"],"_links":{"self":[{"href":"https:\/\/linitiative.ca\/International\/wp-json\/wp\/v2\/posts\/79224","targetHints":{"allow":["GET"]}}],"collection":[{"href":"https:\/\/linitiative.ca\/International\/wp-json\/wp\/v2\/posts"}],"about":[{"href":"https:\/\/linitiative.ca\/International\/wp-json\/wp\/v2\/types\/post"}],"author":[{"embeddable":true,"href":"https:\/\/linitiative.ca\/International\/wp-json\/wp\/v2\/users\/1744"}],"replies":[{"embeddable":true,"href":"https:\/\/linitiative.ca\/International\/wp-json\/wp\/v2\/comments?post=79224"}],"version-history":[{"count":0,"href":"https:\/\/linitiative.ca\/International\/wp-json\/wp\/v2\/posts\/79224\/revisions"}],"wp:attachment":[{"href":"https:\/\/linitiative.ca\/International\/wp-json\/wp\/v2\/media?parent=79224"}],"wp:term":[{"taxonomy":"category","embeddable":true,"href":"https:\/\/linitiative.ca\/International\/wp-json\/wp\/v2\/categories?post=79224"},{"taxonomy":"post_tag","embeddable":true,"href":"https:\/\/linitiative.ca\/International\/wp-json\/wp\/v2\/tags?post=79224"}],"curies":[{"name":"wp","href":"https:\/\/api.w.org\/{rel}","templated":true}]}}