{"id":79225,"date":"2020-03-15T19:00:00","date_gmt":"2020-03-15T23:00:00","guid":{"rendered":"https:\/\/linitiative.ca\/International\/djelfa-une-bombe-artisanale-et-des-produits-explosifs-detruits\/"},"modified":"2020-03-15T19:00:00","modified_gmt":"2020-03-15T23:00:00","slug":"djelfa-une-bombe-artisanale-et-des-produits-explosifs-detruits","status":"publish","type":"post","link":"https:\/\/linitiative.ca\/International\/djelfa-une-bombe-artisanale-et-des-produits-explosifs-detruits\/","title":{"rendered":"Djelfa   : Une bombe artisanale et des produits explosifs d\u00e9truits"},"content":{"rendered":"<div class=\"TxArtcile\" readability=\"29\">\n<p>Une bombe de confection artisanale et 15 kg de produits explosifs ont \u00e9t\u00e9 d\u00e9couverts et d\u00e9truits, samedi \u00e0 Djelfa, par un d\u00e9tachement de l&rsquo;Arm\u00e9e nationale populaire (ANP), a indiqu\u00e9 hier un communiqu\u00e9 du minist\u00e8re de la D\u00e9fense nationale (MDN).<br \/>\u00abDans le cadre de la lutte antiterroriste, un d\u00e9tachement de l&rsquo;ANP a d\u00e9couvert et d\u00e9truit, le 14 mars 2020 \u00e0 Djelfa\/1re R\u00e9gion militaire, une\u00a0 bombe de confection artisanale et 15 kilogrammes de produits explosifs\u00bb, note la m\u00eame source.<br \/>Par ailleurs, dans le cadre de la lutte contre la contrebande et la criminalit\u00e9 organis\u00e9e et \u00abdans la dynamique des op\u00e9rations visant \u00e0 endiguer la propagation du fl\u00e9au des drogues dans notre pays\u00bb, un d\u00e9tachement combin\u00e9 de l&rsquo;ANP \u00aba saisi, \u00e0 Na\u00e2ma\/2e RM, une grande quantit\u00e9 de kif trait\u00e9 s\u2019\u00e9levant \u00e0 194 kilogrammes, tandis que des Garde-fronti\u00e8res ont saisi 50 kilogrammes de la m\u00eame substance \u00e0 Tlemcen\/2e RM\u00bb.<br \/>La m\u00eame source ajoute que des \u00e9l\u00e9ments de la Gendarmerie nationale et des Garde-c\u00f4tes \u00abont saisi, suite \u00e0 deux op\u00e9rations distinctes men\u00e9es \u00e0 Jijel\/5e RM 67,2 kilogrammes de kif trait\u00e9\u00bb, alors qu&rsquo;un d\u00e9tachement de l&rsquo;ANP a arr\u00eat\u00e9, \u00e0 In Guezzam\/6e RM, \u00abquatre individus et saisi trois groupes \u00e9lectrog\u00e8nes, quatre marteaux-piqueurs et deux d\u00e9tecteurs de m\u00e9taux, ainsi qu\u2019un v\u00e9hicule et trois motocyclettes\u00bb.<\/p>\n<\/div>\n<div class=\"ModliArtilUne\">\n<ul>\n<li><strong>Publi\u00e9 dans :<\/strong><\/li>\n<\/ul>\n<\/div>\n<div class=\"MbComIns\" id=\"newcom\" readability=\"5.69402985075\">\n<h6>DONNEZ VOTRE AVIS<\/h6>\n<p>Il n&rsquo;y a actuellement aucune r\u00e9action \u00e0 cette information. Soyez le premier \u00e0 r\u00e9agir !<\/p>\n<p><a href=\"\" rel=\"#popup\" class=\"login resetbutton\">Identifiez-vous<\/a><a class=\"button\" href=\"http:\/\/www.elmoudjahid.com\/fr\/inscription\/\"><span>S&rsquo;inscrire<\/span><\/a><\/p>\n<\/div>\n<p>Auteur: elmoudjahid<br \/>\n<a href=\"http:\/\/www.elmoudjahid.com\/fr\/actualites\/149943\">Cliquez ici pour lire l&rsquo;article depuis sa source.<\/a><\/p>\n","protected":false},"excerpt":{"rendered":"<p>Une bombe de confection artisanale et 15 kg de produits explosifs ont \u00e9t\u00e9 d\u00e9couverts et d\u00e9truits, samedi \u00e0 Djelfa, par un d\u00e9tachement de l&rsquo;Arm\u00e9e nationale populaire (ANP), a indiqu\u00e9 hier un communiqu\u00e9 du minist\u00e8re de la D\u00e9fense nationale (MDN).\u00abDans le cadre de la lutte antiterroriste, un d\u00e9tachement de l&rsquo;ANP a d\u00e9couvert et d\u00e9truit, le 14 [&hellip;]<\/p>\n","protected":false},"author":1744,"featured_media":0,"comment_status":"closed","ping_status":"closed","sticky":false,"template":"","format":"standard","meta":{"fifu_image_url":"","fifu_image_alt":"","footnotes":""},"categories":[73,53],"tags":[],"class_list":["post-79225","post","type-post","status-publish","format-standard","hentry","category-actualite","category-algerie"],"_links":{"self":[{"href":"https:\/\/linitiative.ca\/International\/wp-json\/wp\/v2\/posts\/79225","targetHints":{"allow":["GET"]}}],"collection":[{"href":"https:\/\/linitiative.ca\/International\/wp-json\/wp\/v2\/posts"}],"about":[{"href":"https:\/\/linitiative.ca\/International\/wp-json\/wp\/v2\/types\/post"}],"author":[{"embeddable":true,"href":"https:\/\/linitiative.ca\/International\/wp-json\/wp\/v2\/users\/1744"}],"replies":[{"embeddable":true,"href":"https:\/\/linitiative.ca\/International\/wp-json\/wp\/v2\/comments?post=79225"}],"version-history":[{"count":0,"href":"https:\/\/linitiative.ca\/International\/wp-json\/wp\/v2\/posts\/79225\/revisions"}],"wp:attachment":[{"href":"https:\/\/linitiative.ca\/International\/wp-json\/wp\/v2\/media?parent=79225"}],"wp:term":[{"taxonomy":"category","embeddable":true,"href":"https:\/\/linitiative.ca\/International\/wp-json\/wp\/v2\/categories?post=79225"},{"taxonomy":"post_tag","embeddable":true,"href":"https:\/\/linitiative.ca\/International\/wp-json\/wp\/v2\/tags?post=79225"}],"curies":[{"name":"wp","href":"https:\/\/api.w.org\/{rel}","templated":true}]}}