{"id":79226,"date":"2020-03-15T19:00:00","date_gmt":"2020-03-15T23:00:00","guid":{"rendered":"https:\/\/linitiative.ca\/International\/diplomatie-m-boukadoum-recoit-les-ambassadeurs-du-portugal-et-de-cote-divoire\/"},"modified":"2020-03-15T19:00:00","modified_gmt":"2020-03-15T23:00:00","slug":"diplomatie-m-boukadoum-recoit-les-ambassadeurs-du-portugal-et-de-cote-divoire","status":"publish","type":"post","link":"https:\/\/linitiative.ca\/International\/diplomatie-m-boukadoum-recoit-les-ambassadeurs-du-portugal-et-de-cote-divoire\/","title":{"rendered":"Diplomatie : M. Boukadoum  re\u00e7oit  les ambassadeurs du Portugal  et de C\u00f4te d\u2019Ivoire"},"content":{"rendered":"<p>Le ministre des Affaires \u00e9trang\u00e8res, Sabri Boukadoum, a re\u00e7u, hier \u00e0 Alger, M. Luis Manuel de Magalhaes de Albuquerque Veloso et M. Voho Sahi Alphonse qui lui ont remis les copies figur\u00e9es des lettres de cr\u00e9ances, les accr\u00e9ditant en qualit\u00e9 d&rsquo;ambassadeurs extraordinaires et pl\u00e9nipotentiaires de la R\u00e9publique portugaise et de la R\u00e9publique de C\u00f4te\u00a0 d&rsquo;Ivoire aupr\u00e8s de la R\u00e9publique alg\u00e9rienne d\u00e9mocratique et populaire, indique un communiqu\u00e9 du minist\u00e8re des Affaires \u00e9trang\u00e8res.<\/p>\n<p>Auteur: elmoudjahid<br \/>\n<a href=\"http:\/\/www.elmoudjahid.com\/fr\/actualites\/149944\">Cliquez ici pour lire l&rsquo;article depuis sa source.<\/a><\/p>\n","protected":false},"excerpt":{"rendered":"<p>Le ministre des Affaires \u00e9trang\u00e8res, Sabri Boukadoum, a re\u00e7u, hier \u00e0 Alger, M. Luis Manuel de Magalhaes de Albuquerque Veloso et M. Voho Sahi Alphonse qui lui ont remis les copies figur\u00e9es des lettres de cr\u00e9ances, les accr\u00e9ditant en qualit\u00e9 d&rsquo;ambassadeurs extraordinaires et pl\u00e9nipotentiaires de la R\u00e9publique portugaise et de la R\u00e9publique de C\u00f4te\u00a0 d&rsquo;Ivoire [&hellip;]<\/p>\n","protected":false},"author":1744,"featured_media":0,"comment_status":"closed","ping_status":"closed","sticky":false,"template":"","format":"standard","meta":{"fifu_image_url":"","fifu_image_alt":"","footnotes":""},"categories":[73,53],"tags":[],"class_list":["post-79226","post","type-post","status-publish","format-standard","hentry","category-actualite","category-algerie"],"_links":{"self":[{"href":"https:\/\/linitiative.ca\/International\/wp-json\/wp\/v2\/posts\/79226","targetHints":{"allow":["GET"]}}],"collection":[{"href":"https:\/\/linitiative.ca\/International\/wp-json\/wp\/v2\/posts"}],"about":[{"href":"https:\/\/linitiative.ca\/International\/wp-json\/wp\/v2\/types\/post"}],"author":[{"embeddable":true,"href":"https:\/\/linitiative.ca\/International\/wp-json\/wp\/v2\/users\/1744"}],"replies":[{"embeddable":true,"href":"https:\/\/linitiative.ca\/International\/wp-json\/wp\/v2\/comments?post=79226"}],"version-history":[{"count":0,"href":"https:\/\/linitiative.ca\/International\/wp-json\/wp\/v2\/posts\/79226\/revisions"}],"wp:attachment":[{"href":"https:\/\/linitiative.ca\/International\/wp-json\/wp\/v2\/media?parent=79226"}],"wp:term":[{"taxonomy":"category","embeddable":true,"href":"https:\/\/linitiative.ca\/International\/wp-json\/wp\/v2\/categories?post=79226"},{"taxonomy":"post_tag","embeddable":true,"href":"https:\/\/linitiative.ca\/International\/wp-json\/wp\/v2\/tags?post=79226"}],"curies":[{"name":"wp","href":"https:\/\/api.w.org\/{rel}","templated":true}]}}