{"id":79234,"date":"2020-03-16T13:22:00","date_gmt":"2020-03-16T17:22:00","guid":{"rendered":"https:\/\/linitiative.ca\/International\/ain-turck-oran-un-enfant-de-12-ans-est-decede-dune-overdose\/"},"modified":"2020-03-16T13:22:00","modified_gmt":"2020-03-16T17:22:00","slug":"ain-turck-oran-un-enfant-de-12-ans-est-decede-dune-overdose","status":"publish","type":"post","link":"https:\/\/linitiative.ca\/International\/ain-turck-oran-un-enfant-de-12-ans-est-decede-dune-overdose\/","title":{"rendered":"AIN TURCK (ORAN) : Un enfant de 12 ans est d\u00e9c\u00e9d\u00e9 d\u2019une overdose"},"content":{"rendered":"<p><br id=\"sep_para_1\" class=\"sep_para access\"\/><\/p>\n<div id=\"para_1\" class=\"para_35985813 resize\">\n<div class=\"photo shadow left\"><a href=\"javascript:void(0)\" rel=\"https:\/\/www.reflexiondz.net\/photo\/art\/grande\/43701465-35985813.jpg?v=1584380788&amp;ibox\" title=\"AIN TURCK (ORAN) : Un enfant de 12 ans est d\u00e9c\u00e9d\u00e9 d\u2019une overdose\"><img decoding=\"async\" class=\"responsive c9\" src=\"https:\/\/www.reflexiondz.net\/photo\/art\/grande\/43701465-35985813.jpg?v=1584380788\" alt=\"AIN TURCK (ORAN) : Un enfant de 12 ans est d\u00e9c\u00e9d\u00e9 d\u2019une overdose\" title=\"AIN TURCK (ORAN) : Un enfant de 12 ans est d\u00e9c\u00e9d\u00e9 d\u2019une overdose\"\/><img decoding=\"async\" class=\"not-responsive\" src=\"https:\/\/www.reflexiondz.net\/photo\/art\/default\/43701465-35985813.jpg?v=1584380788\" alt=\"AIN TURCK (ORAN) : Un enfant de 12 ans est d\u00e9c\u00e9d\u00e9 d\u2019une overdose\" title=\"AIN TURCK (ORAN) : Un enfant de 12 ans est d\u00e9c\u00e9d\u00e9 d\u2019une overdose\"\/><\/a><\/div>\n<div class=\"texte access firstletter\">De source proche de l&rsquo;h\u00f4pital \u2018\u2019Medjber\u2019\u2019 d\u2019Ain Turck, l&rsquo;on apprend qu&rsquo;un enfant, \u00e2g\u00e9 \u00e1 peine de 12 ans,\u00a0 est tomb\u00e9 gravement malade sous l&rsquo;effet de la coca\u00efne. Il s&rsquo;est pr\u00e9sent\u00e9 au\u00a0 service des urgences de l&rsquo;h\u00f4pital \u2018\u2019Medjber\u2019\u2019 d\u2019Ain Turck pour des soins, malheureusement, les m\u00e9decins de garde ont pr\u00e9f\u00e9r\u00e9 le transf\u00e9rer vers l&rsquo;h\u00f4pital p\u00e9diatrique de Canastel. Une fois arriv\u00e9, il a succomb\u00e9 \u00e0 une crise d&rsquo;overdose de coca\u00efne qu&rsquo;il avait prise auparavant. Une enqu\u00eate est ouverte par les services concern\u00e9s pour identifier les fournisseurs de cet enfant.<\/div>\n<\/div>\n<p>Auteur: Medjadji H.<br \/>\n<a href=\"https:\/\/www.reflexiondz.net\/AIN-TURCK-ORAN-Un-enfant-de-12-ans-est-decede-d-une-overdose_a61328.html\">Cliquez ici pour lire l&rsquo;article depuis sa source.<\/a><\/p>\n","protected":false},"excerpt":{"rendered":"<p>De source proche de l&rsquo;h\u00f4pital \u2018\u2019Medjber\u2019\u2019 d\u2019Ain Turck, l&rsquo;on apprend qu&rsquo;un enfant, \u00e2g\u00e9 \u00e1 peine de 12 ans,\u00a0 est tomb\u00e9 gravement malade sous l&rsquo;effet de la coca\u00efne. Il s&rsquo;est pr\u00e9sent\u00e9 au\u00a0 service des urgences de l&rsquo;h\u00f4pital \u2018\u2019Medjber\u2019\u2019 d\u2019Ain Turck pour des soins, malheureusement, les m\u00e9decins de garde ont pr\u00e9f\u00e9r\u00e9 le transf\u00e9rer vers l&rsquo;h\u00f4pital p\u00e9diatrique de [&hellip;]<\/p>\n","protected":false},"author":1740,"featured_media":0,"comment_status":"closed","ping_status":"closed","sticky":false,"template":"","format":"standard","meta":{"fifu_image_url":"","fifu_image_alt":"","footnotes":""},"categories":[53,76],"tags":[],"class_list":["post-79234","post","type-post","status-publish","format-standard","hentry","category-algerie","category-regions"],"_links":{"self":[{"href":"https:\/\/linitiative.ca\/International\/wp-json\/wp\/v2\/posts\/79234","targetHints":{"allow":["GET"]}}],"collection":[{"href":"https:\/\/linitiative.ca\/International\/wp-json\/wp\/v2\/posts"}],"about":[{"href":"https:\/\/linitiative.ca\/International\/wp-json\/wp\/v2\/types\/post"}],"author":[{"embeddable":true,"href":"https:\/\/linitiative.ca\/International\/wp-json\/wp\/v2\/users\/1740"}],"replies":[{"embeddable":true,"href":"https:\/\/linitiative.ca\/International\/wp-json\/wp\/v2\/comments?post=79234"}],"version-history":[{"count":0,"href":"https:\/\/linitiative.ca\/International\/wp-json\/wp\/v2\/posts\/79234\/revisions"}],"wp:attachment":[{"href":"https:\/\/linitiative.ca\/International\/wp-json\/wp\/v2\/media?parent=79234"}],"wp:term":[{"taxonomy":"category","embeddable":true,"href":"https:\/\/linitiative.ca\/International\/wp-json\/wp\/v2\/categories?post=79234"},{"taxonomy":"post_tag","embeddable":true,"href":"https:\/\/linitiative.ca\/International\/wp-json\/wp\/v2\/tags?post=79234"}],"curies":[{"name":"wp","href":"https:\/\/api.w.org\/{rel}","templated":true}]}}