{"id":79236,"date":"2020-03-15T17:41:45","date_gmt":"2020-03-15T21:41:45","guid":{"rendered":"https:\/\/linitiative.ca\/International\/mobilis-celebre-le-14-mars-avec-les-athletes-handisports\/"},"modified":"2020-03-15T17:41:45","modified_gmt":"2020-03-15T21:41:45","slug":"mobilis-celebre-le-14-mars-avec-les-athletes-handisports","status":"publish","type":"post","link":"https:\/\/linitiative.ca\/International\/mobilis-celebre-le-14-mars-avec-les-athletes-handisports\/","title":{"rendered":"Mobilis c\u00e9l\u00e8bre le 14 Mars avec les athl\u00e8tes handisports"},"content":{"rendered":"<p><br class=\"autobr\"\/><strong>Mobilis c\u00e9l\u00e8bre la Journ\u00e9e Nationale des Handicap\u00e9s en accompagnant la c\u00e9r\u00e9monie organis\u00e9e \u00e0 cette occasion, par le Minist\u00e8re de la Jeunesse et des Sports, qui a eu lieu le Samedi 14 Mars, au si\u00e8ge du Minist\u00e8re de la Jeunesse et des Sports.<\/strong><\/p>\n<p><br class=\"autobr\"\/><br \/>\nCette c\u00e9r\u00e9monie \u00e9tait l\u2019occasion pour Mobilis, de mettre \u00e0 l\u2019honneur les \u00e9quipes et les sportifs de l\u2019handisport, qui se sont distingu\u00e9s en d\u00e9crochant leurs billets aux jeux paralympiques de Tokyo 2020.<\/p>\n<p><br class=\"autobr\"\/><br \/>\nMobilis, fid\u00e8le \u00e0 ses valeurs de solidarit\u00e9 et de citoyennet\u00e9, confirme par cet accompagnement toute sa volont\u00e9 de contribuer au d\u00e9veloppement de l\u2019handisports et de ses athl\u00e8tes\u00a0; qui se surpassent \u00e0 chaque rendez-vous national et international, prouvant ainsi que le handicape n\u2019a jamais \u00e9t\u00e9 une barri\u00e8re pour la r\u00e9alisation des exploits les plus extraordinaires. Mobilis Partout avec vous.<\/p>\n<p>Auteur: Boudjedri<br \/>\n<a href=\"http:\/\/www.jeune-independant.net\/Mobilis-celebre-le-14-Mars-Aupres.html\">Cliquez ici pour lire l&rsquo;article depuis sa source.<\/a><\/p>\n","protected":false},"excerpt":{"rendered":"<p>Mobilis c\u00e9l\u00e8bre la Journ\u00e9e Nationale des Handicap\u00e9s en accompagnant la c\u00e9r\u00e9monie organis\u00e9e \u00e0 cette occasion, par le Minist\u00e8re de la Jeunesse et des Sports, qui a eu lieu le Samedi 14 Mars, au si\u00e8ge du Minist\u00e8re de la Jeunesse et des Sports. Cette c\u00e9r\u00e9monie \u00e9tait l\u2019occasion pour Mobilis, de mettre \u00e0 l\u2019honneur les \u00e9quipes et [&hellip;]<\/p>\n","protected":false},"author":1737,"featured_media":0,"comment_status":"closed","ping_status":"closed","sticky":false,"template":"","format":"standard","meta":{"fifu_image_url":"","fifu_image_alt":"","footnotes":""},"categories":[73,53],"tags":[],"class_list":["post-79236","post","type-post","status-publish","format-standard","hentry","category-actualite","category-algerie"],"_links":{"self":[{"href":"https:\/\/linitiative.ca\/International\/wp-json\/wp\/v2\/posts\/79236","targetHints":{"allow":["GET"]}}],"collection":[{"href":"https:\/\/linitiative.ca\/International\/wp-json\/wp\/v2\/posts"}],"about":[{"href":"https:\/\/linitiative.ca\/International\/wp-json\/wp\/v2\/types\/post"}],"author":[{"embeddable":true,"href":"https:\/\/linitiative.ca\/International\/wp-json\/wp\/v2\/users\/1737"}],"replies":[{"embeddable":true,"href":"https:\/\/linitiative.ca\/International\/wp-json\/wp\/v2\/comments?post=79236"}],"version-history":[{"count":0,"href":"https:\/\/linitiative.ca\/International\/wp-json\/wp\/v2\/posts\/79236\/revisions"}],"wp:attachment":[{"href":"https:\/\/linitiative.ca\/International\/wp-json\/wp\/v2\/media?parent=79236"}],"wp:term":[{"taxonomy":"category","embeddable":true,"href":"https:\/\/linitiative.ca\/International\/wp-json\/wp\/v2\/categories?post=79236"},{"taxonomy":"post_tag","embeddable":true,"href":"https:\/\/linitiative.ca\/International\/wp-json\/wp\/v2\/tags?post=79236"}],"curies":[{"name":"wp","href":"https:\/\/api.w.org\/{rel}","templated":true}]}}