{"id":79237,"date":"2020-03-15T18:06:30","date_gmt":"2020-03-15T22:06:30","guid":{"rendered":"https:\/\/linitiative.ca\/International\/coronavirus-rezig-sensibilise-les-cafes-et-restaurants\/"},"modified":"2020-03-15T18:06:30","modified_gmt":"2020-03-15T22:06:30","slug":"coronavirus-rezig-sensibilise-les-cafes-et-restaurants","status":"publish","type":"post","link":"https:\/\/linitiative.ca\/International\/coronavirus-rezig-sensibilise-les-cafes-et-restaurants\/","title":{"rendered":"Coronavirus : Rezig sensibilise les caf\u00e9s et restaurants"},"content":{"rendered":"<p><br class=\"autobr\"\/><strong>Afin de lutter contre la propagation du nouveau coronavirus, le ministre du Commerce, Kamel Rezig s\u2019est adress\u00e9 ce dimanche aux caf\u00e9s et aux restaurants en les sensibilisant sur le danger de cette pand\u00e9mie.<\/strong><\/p>\n<p><br class=\"autobr\"\/><br \/>\nSur son compte Facebook, le ministre a publi\u00e9 une annonce de sensibilisation adress\u00e9e aux caf\u00e9s et restaurants sur le danger du Coronavirus, leur demandant d\u2019utiliser de la vaisselle jetable pour \u00e9viter la propagation du Coronavirus. \u00ab\u00a0Tous les directeurs commerciaux sont tenus de sensibiliser les caf\u00e9s en utilisant des gobelets en papier ou en plastique et des cuill\u00e8res en plastique, ainsi que les restaurants en utilisant des gobelets en papier ou en plastique, des cuill\u00e8res, des fourchettes, des couteaux en plastique et des serviettes en papier, et d\u2019assurer une hygi\u00e8ne maximale pour les toilettes \u00e0 leur niveau, par mesure de pr\u00e9caution pour pr\u00e9venir la propagation d\u2019un virus Corona\u00a0\u00bb, \u00e9crit le ministre.<\/p>\n<p><br class=\"autobr\"\/><br \/>\nPour les caf\u00e9s, le ministre du Commerce recommande l\u2019utilisation des gobelets en papier ainsi que des cuill\u00e8res en plastique utilisables une seule fois. Pour ce qui est des restaurants, il demande aux restaurateurs de servir les repas dans des assiettes en plastique et d\u2019utiliser des cuill\u00e8res et des fourchettes en plastique. L\u2019usage des serviettes en papier est \u00e9galement recommand\u00e9 aux restaurateurs. Les restaurants et les caf\u00e9s doivent \u00e9galement garder leurs sanitaires propres, notent les consignes du ministre du Commerce. Pour assurer le respect de ces mesures pr\u00e9ventives, le minist\u00e8re de la Sant\u00e9 a adress\u00e9 \u00e0 toutes ses directions dans les wilayas, une correspondance pour leur demander de se rapprocher des caf\u00e9s et des restaurants afin de les sensibiliser sur l\u2019importance de ces dispositions.<\/p>\n<blockquote readability=\"19\">\n<p><br class=\"autobr\"\/><strong><em><span class=\"c5\">Pour sa part, le pr\u00e9sident de l\u2019Association des commer\u00e7ants et artisans alg\u00e9riens (ANCA), Hadj Tahar Boulenouar, a invit\u00e9 les commer\u00e7ants \u00e0 suivre strictement les r\u00e8gles d\u2019hygi\u00e8ne pour pr\u00e9venir la pand\u00e9mie. \u00ab\u00a0La vigilance est de mise afin d\u2019\u00e9viter toute contamination au virus du Covid-19\u00a0\u00bb, a-t-il dit. Il a, par ailleurs, tenu \u00e0 rassurer les Alg\u00e9riens, qui se ruent sur les produits alimentaires, surtout \u00e0 Alger et Blida, qu\u2019il n\u2019y aura aucun probl\u00e8me d\u2019approvisionnement du march\u00e9, par crainte de la propagation du Covid-19, qui entra\u00eenerait la fermeture des magasins.<\/span><\/em><\/strong><\/p>\n<\/blockquote>\n<p><br class=\"autobr\"\/><br \/>\n\u00a0<\/p>\n<p><br class=\"autobr\"\/><br \/>\nIl faut dire que malgr\u00e9 les messages de pr\u00e9vention et les recommandations du minist\u00e8re de la Sant\u00e9 pour faire face au coronavirus, les habitudes d\u2019hygi\u00e8ne des Alg\u00e9riens ont peu \u00e9volu\u00e9. \u00ab\u00a0Pour vous prot\u00e9ger et prot\u00e9ger les autres du coronavirus, lavez-vous r\u00e9guli\u00e8rement les mains\u00a0\u00bb, pr\u00e9conise le minist\u00e8re de la Sant\u00e9 dans des spots de pr\u00e9vention pour contrer la propagation du virus qui commence \u00e0 se propager en Alg\u00e9rie. Parmi les autres gestes \u00e0 adopter\u00a0: \u00e9ternuer dans son coude ou encore utiliser des mouchoirs \u00e0 usage unique. Des conseils simples mais pourtant encore peu respect\u00e9s.<\/p>\n<p>Auteur: Boudjedri<br \/>\n<a href=\"http:\/\/www.jeune-independant.net\/Exhortant-a-utiliser-de-la.html\">Cliquez ici pour lire l&rsquo;article depuis sa source.<\/a><\/p>\n","protected":false},"excerpt":{"rendered":"<p>Afin de lutter contre la propagation du nouveau coronavirus, le ministre du Commerce, Kamel Rezig s\u2019est adress\u00e9 ce dimanche aux caf\u00e9s et aux restaurants en les sensibilisant sur le danger de cette pand\u00e9mie. Sur son compte Facebook, le ministre a publi\u00e9 une annonce de sensibilisation adress\u00e9e aux caf\u00e9s et restaurants sur le danger du Coronavirus, [&hellip;]<\/p>\n","protected":false},"author":1737,"featured_media":0,"comment_status":"closed","ping_status":"closed","sticky":false,"template":"","format":"standard","meta":{"fifu_image_url":"","fifu_image_alt":"","footnotes":""},"categories":[73,53],"tags":[],"class_list":["post-79237","post","type-post","status-publish","format-standard","hentry","category-actualite","category-algerie"],"_links":{"self":[{"href":"https:\/\/linitiative.ca\/International\/wp-json\/wp\/v2\/posts\/79237","targetHints":{"allow":["GET"]}}],"collection":[{"href":"https:\/\/linitiative.ca\/International\/wp-json\/wp\/v2\/posts"}],"about":[{"href":"https:\/\/linitiative.ca\/International\/wp-json\/wp\/v2\/types\/post"}],"author":[{"embeddable":true,"href":"https:\/\/linitiative.ca\/International\/wp-json\/wp\/v2\/users\/1737"}],"replies":[{"embeddable":true,"href":"https:\/\/linitiative.ca\/International\/wp-json\/wp\/v2\/comments?post=79237"}],"version-history":[{"count":0,"href":"https:\/\/linitiative.ca\/International\/wp-json\/wp\/v2\/posts\/79237\/revisions"}],"wp:attachment":[{"href":"https:\/\/linitiative.ca\/International\/wp-json\/wp\/v2\/media?parent=79237"}],"wp:term":[{"taxonomy":"category","embeddable":true,"href":"https:\/\/linitiative.ca\/International\/wp-json\/wp\/v2\/categories?post=79237"},{"taxonomy":"post_tag","embeddable":true,"href":"https:\/\/linitiative.ca\/International\/wp-json\/wp\/v2\/tags?post=79237"}],"curies":[{"name":"wp","href":"https:\/\/api.w.org\/{rel}","templated":true}]}}