{"id":79239,"date":"2020-03-16T00:40:08","date_gmt":"2020-03-16T04:40:08","guid":{"rendered":"https:\/\/linitiative.ca\/International\/lambassadeur-des-pays-bas-au-jeune-independant-nous-esperons-davantage-douverture-de-la-part-de-lalgerie\/"},"modified":"2020-03-16T00:40:08","modified_gmt":"2020-03-16T04:40:08","slug":"lambassadeur-des-pays-bas-au-jeune-independant-nous-esperons-davantage-douverture-de-la-part-de-lalgerie","status":"publish","type":"post","link":"https:\/\/linitiative.ca\/International\/lambassadeur-des-pays-bas-au-jeune-independant-nous-esperons-davantage-douverture-de-la-part-de-lalgerie\/","title":{"rendered":"L&rsquo;ambassadeur des Pays-Bas au Jeune Ind\u00e9pendant : \u00ab\u00a0Nous esp\u00e9rons davantage d&rsquo;ouverture de la part de l&rsquo;Alg\u00e9rie\u00a0\u00bb"},"content":{"rendered":"<p><br class=\"autobr\"\/><strong>L\u2019ambassadeur du Royaume des Pays-Bas en Alg\u00e9rie, Robert Van Embden, dont le pays fut l\u2019h\u00f4te de la ville des Ponts durant une journ\u00e9e intitul\u00e9e \u00ab\u00a0Journ\u00e9e des Pays-Bas \u00e0 Constantine\u00a0\u00bb revient dans un entretien au <em>Jeune Ind\u00e9pendant<\/em> sur les relations alg\u00e9ro-n\u00e9erlandaises, les perspectives de coop\u00e9ration entre les deux pays, et sur\u00a0l\u2019\u00e9v\u00e8nement auquel l\u2019humanit\u00e9 enti\u00e8re est suspendue\u00a0: le coronavirus.\u00a0<\/strong><\/p>\n<p><strong>Le Jeune Ind\u00e9pendant\u00a0: Peut-on savoir ce qui a motiv\u00e9 l\u2019organisation d\u2019une journ\u00e9e des Pays-Bas \u00e0 Constantine\u00a0?<\/strong><\/p>\n<p><br class=\"autobr\"\/><strong>Robert Van Embden<\/strong>\u00a0: C\u2019est la premi\u00e8re fois qu\u2019on propose une telle formule en Alg\u00e9rie avec laquelle les Pays-Bas entretiennent des relations de longue date. Nous sommes en train d\u2019intensifier ces relations, et par cons\u00e9quent nous avons jug\u00e9 utile de ne pas seulement se focaliser sur la capitale Alger, mais aussi sur les autres r\u00e9gions de ce vaste pays, en l\u2019occurrence l\u2019Est, l\u2019Ouest et le grand Sud. Nous estimons que c\u2019est aussi important.<\/p>\n<p><br class=\"autobr\"\/><strong>Y a-t-il un int\u00e9r\u00eat particulier pour ces r\u00e9gions\u00a0?<\/strong><br \/>Il y a plusieurs secteurs \u00e9conomiques o\u00f9 il est possible de coop\u00e9rer, notamment dans les secteurs de l\u2019\u00e9nergie, de l\u2019agriculture et le secteur maritime. Il y a de multiples options de partenariat r\u00e9alisables \u00e0 travers le pays. Et nous sommes certains que cette coop\u00e9ration ne peut seulement se limiter \u00e0 des \u00e9changes commerciaux, mais elle devrait aussi s\u2019articuler autour du partage du savoir-faire, et sur ce point nous sommes pr\u00eats \u00e0 soutenir l\u2019Alg\u00e9rie dans cette nouvelle \u00e9tape de son histoire \u00e0 travers, par exemple, l\u2019accompagnement des jeunes aspirant \u00e0 cr\u00e9er leur propre entreprise, ou encore accompagner le processus de diversification, surtout dans un secteur que l\u2019on consid\u00e8re comme traditionnel dans notre pays, celui de l\u2019agriculture. Lequel nous int\u00e9resse en particulier. Nous avons une longue tradition en ce sens. Les Pays-Bas sont le deuxi\u00e8me pays exportateur de produits agricoles et agroalimentaires au monde, pas au niveau du volume, mais en termes de valeur ajout\u00e9e. La fili\u00e8re lait contribue \u00e0 elle seule \u00e0 plus de 7% dans la balance commerciale de notre pays.<\/p>\n<p><strong>Quelles perspectives pour la coop\u00e9ration entre les deux pays\u00a0?<\/strong><br \/>L\u2019Alg\u00e9rie est notre premier partenaire \u00e9conomique au Maghreb. Le volume des \u00e9changes avoisine deux milliards de dollars. Nous importons des hydrocarbures, notamment au GNL, et nous exportons des produits agricoles, principalement laitiers et de la semence de pomme de terre. Hormis ces deux derniers que nous souhaitons avantager, nous aimerions aussi d\u00e9velopper d\u2019autres fili\u00e8res comme la culture mara\u00eech\u00e8re. Ce sont les trois fili\u00e8res o\u00f9 l\u2019Alg\u00e9rie a un grand potentiel pour la production in situ et plus encore pour l\u2019exportation de ces produits, en plus des fruits et l\u00e9gumes comme c\u2019est d\u2019ailleurs le cas des dattes.<\/p>\n<p><strong>Quid des opportunit\u00e9s de partenariat \u00e0 l\u2019est du pays\u00a0?<\/strong><br \/>La r\u00e9gion Est et particuli\u00e8rement la ville de Constantine, troisi\u00e8me ville d\u2019Alg\u00e9rie, est tr\u00e8s importante de par ses potentialit\u00e9s. C\u2019est pour cela que nous avons organis\u00e9 lors de cet \u00e9v\u00e8nement \u00ab\u00a0Journ\u00e9e des Pays-Bas\u00a0\u00bb plusieurs activit\u00e9s qui vont dans le sens de cette diversit\u00e9 pour une \u00e9ventuelle coop\u00e9ration. Ce rendez-vous a touch\u00e9 plusieurs secteurs dont celui \u00e9conomique, avec \u00e9videmment le lancement ce matin du programme \u00ab\u00a0Orange corners\u00a0\u00bb, une initiative du Royaume des Pays-Bas destin\u00e9e au Proche-Orient Mena et Afrique qui vise la promotion de start-up et destin\u00e9e notamment aux jeunes promoteurs. Le secteur de l\u2019agriculture via la contribution d\u2019experts n\u00e9erlandais qui mettent leur savoir-faire \u00e0 la disposition des agriculteurs alg\u00e9riens. Et enfin ce soir un rendez-vous culturel avec l\u2019inauguration de l\u2019exposition \u00ab\u00a0World Press Photo\u00a0\u00bb, une manifestation organis\u00e9e l\u2019ann\u00e9e derni\u00e8re \u00e0 Alger et Oran et que nous avons jug\u00e9 utile d\u2019en faire profiter cette ann\u00e9e Constantine. Autre activit\u00e9 propos\u00e9e, l\u2019organisation d\u2019un d\u00e9bat par rapport aux d\u00e9fis auxquels fait face le journalisme moderne, et je crois que c\u2019est \u00e0 vous d\u2019apporter votre jugement sur la teneur et la qualit\u00e9 des d\u00e9bats qui, \u00e0 mon sens, ont \u00e9t\u00e9 riches.<br \/>J\u2019ai not\u00e9 aussi un dynamisme dans toutes les sessions auxquelles j\u2019ai pu assister aujourd\u2019hui, que ce soit \u00e0 l\u2019universit\u00e9 avec les jeunes et les enseignants, \u00e0 l\u2019Institut v\u00e9t\u00e9rinaire avec les investisseurs et les agriculteurs, et maintenant avec les journalistes, en attendant l\u2019exposition qui sera inaugur\u00e9e au plus tard dans la soir\u00e9e.<br \/>Je tiens par ailleurs \u00e0 vous pr\u00e9ciser que vu l\u2019importance que nous accordons \u00e0 la production laiti\u00e8re, un centre d\u2019excellence verra bient\u00f4t le jour \u00e0 Guelma. Il sera d\u00e9di\u00e9 \u00e0 la formation dans la fili\u00e8re et encadr\u00e9 par des experts n\u00e9erlandais. Via cette journ\u00e9e, on aimerait aussi cibler d\u2019autres wilayas de l\u2019est du pays.<\/p>\n<p><br class=\"autobr\"\/><strong>Au vu de ce constat, y a-t-il un moyen de renforcer la coop\u00e9ration\u00a0?<\/strong><br \/>On veut \u00e9videment promouvoir les relations bilat\u00e9rales entre nos pays, principalement entre les op\u00e9rateurs \u00e9conomiques et la communaut\u00e9 scientifique et aussi entre les deux peuples. L\u2019Alg\u00e9rie a un grand potentiel \u00e9conomique ind\u00e9niable, en m\u00eame temps le pays fascine beaucoup de N\u00e9erlandais qui ont eu \u00e0 le visiter dans le cadre de l\u2019intensification de nos relations via les d\u00e9placements de d\u00e9l\u00e9gations. En tout cas, en ce qui concerne mes compatriotes, beaucoup furent impressionn\u00e9s lors de leur premi\u00e8re visite en Alg\u00e9rie et tous ou presque esp\u00e8rent y retourner d\u00e8s que l\u2019occasion leur sera offerte.<br \/>Je voudrais bien faire en sorte que l\u2019on puisse augmenter le nombre d\u2019\u00e9tudiants alg\u00e9riens admis \u00e0 faire des \u00e9tudes aux Pays-Bas dans le cadre de programmes de formations sp\u00e9cialis\u00e9es dans diff\u00e9rents domaines.<\/p>\n<p><br class=\"autobr\"\/><strong>La mobilit\u00e9 des personnes entre les deux rives est donc appel\u00e9e \u00e0 se fluidifier\u00a0?<\/strong><br \/>La mobilit\u00e9 des personnes reste de nos jours un d\u00e9fi et la gestion du flux migratoire s\u2019impose non seulement pour nous, mais \u00e9videmment aussi pour l\u2019Alg\u00e9rie et pour tous les pays nord-africains, vu leur position g\u00e9ographique. Mais en m\u00eame temps la migration est aussi une opportunit\u00e9. Je pr\u00e9cise en ce sens que le nombre de visas d\u00e9livr\u00e9s par l\u2019ambassade des Pays-Bas aux Alg\u00e9riens a connu une hausse de plus 20% durant l\u2019ann\u00e9e 2019 comparativement \u00e0 l\u2019ann\u00e9e d\u2019avant.\u00a0En chiffres, alors qu\u2019en 2018 le nombre de visas a \u00e9t\u00e9 de 2 150, il s\u2019est \u00e9tabli \u00e0 2 600 en 2019 avec une proportion avoisinant 50% de demandes satisfaites dont la plupart, je tiens aussi \u00e0 le pr\u00e9ciser, avaient une bonne raison de s\u00e9journer dans le pays, des \u00e9tudiants, des hommes et des femmes d\u2019affaires, des visites familiales et m\u00eame des touristes.<br \/>La communaut\u00e9 alg\u00e9rienne aux Pays-Bas est \u00e9valu\u00e9e entre 5 000 et 6 000 personnes install\u00e9es dans diff\u00e9rentes r\u00e9gions. On peut dire que toutes les cat\u00e9gories sont repr\u00e9sent\u00e9es et nous sommes tout \u00e0 fait ouverts pour accueillir les Alg\u00e9riens avec l\u2019esprit de vouloir promouvoir le contact entre les deux peuples.<\/p>\n<p><br class=\"autobr\"\/><strong>Que pensez-vous du hirak et du mouvement populaire en Alg\u00e9rie\u00a0?<\/strong><br \/>C\u2019est une \u00e9poque fascinante pour l\u2019observateur \u00e9tranger et je consid\u00e8re comme un privil\u00e8ge le fait de pouvoir \u00eatre t\u00e9moin de ce d\u00e9veloppement. A titre personnel, quand j\u2019\u00e9tais plus jeune dans les ann\u00e9es 1980, avant la d\u00e9cennie noire, j\u2019ai pu me rendre en Alg\u00e9rie. Personne n\u2019ignore que votre pays a connu des moments tr\u00e8s difficiles de son histoire, un peu trop peut-\u00eatre compar\u00e9 \u00e0 d\u2019autres pays.<\/p>\n<p><br class=\"autobr\"\/><br \/>\nOn a constat\u00e9 qu\u2019il y a un dynamisme \u00e9norme surtout parmi les jeunes qui veulent vraiment avancer non seulement pour eux, mais aussi pour d\u00e9velopper le pays. Je suis convaincu que le syst\u00e8me d\u00e9mocratique et l\u2019Etat de droit sont les deux formules les plus aptes \u00e0 lib\u00e9rer toute l\u2019\u00e9nergie que peut receler un peuple. Si le citoyen ressent la libert\u00e9, il va l\u2019utiliser de mani\u00e8re positive, politiquement et \u00e9conomiquement, et on constate que le gouvernement alg\u00e9rien va dans ce sens. Il veut promouvoir la diversification par le remplacement du mod\u00e8le qualifi\u00e9 par les experts de rentier, qui d\u00e9pend exclusivement de l\u2019exploitation des hydrocarbures, par un autre qui permette d\u2019utiliser d\u2019autres atouts que rec\u00e8le l\u2019Alg\u00e9rie, notamment la ressource humaine. Les histoires de r\u00e9ussite ailleurs sont l\u00e0 pour en t\u00e9moigner.<br \/>Nous esp\u00e9rons en tout cas que davantage d\u2019ouverture va \u00eatre op\u00e9r\u00e9e par l\u2019Alg\u00e9rie pour justement promouvoir sa coop\u00e9ration avec les autres pays et qui ne peut \u00eatre que b\u00e9n\u00e9fique pour son d\u00e9veloppement.<\/p>\n<p><strong>Pour finir, comment avez-vous trouv\u00e9 la ville de Constantine\u00a0?<\/strong><br \/>C\u2019est la quatri\u00e8me fois que je viens \u00e0 Constantine. Trois fois en mission officielle et une fois avec mon \u00e9pouse et ma fille pour une visite touristique. Ce fut une balade magnifique. Avec une guide on a pu visiter tous les ponts et on a eu droit \u00e0 des sensations exceptionnelles que procurent les hauteurs et surtout le ravin. C\u2019est spectaculaire\u00a0!\u00a0On a eu droit \u00e0 une vir\u00e9e au Mus\u00e9e des antiquit\u00e9s \u00ab\u00a0Cirta\u00a0\u00bb et aussi le privil\u00e8ge de visiter la grande mosqu\u00e9e. La gastronomie constantinoise ne fut pas en reste et on a pu aussi appr\u00e9cier le riche patrimoine musical de la r\u00e9gion, \u00ab\u00a0le malouf\u00a0\u00bb. Et au-del\u00e0 de cette vir\u00e9e constantinoise, nous avons aussi lors de ce s\u00e9jour et sur le m\u00eame itin\u00e9raire pu visiter les sites de Dj\u00e9mila et de Timgad. Franchement je ne peux qu\u2019encourager mes compatriotes \u00e0 venir visiter la r\u00e9gion et surtout la ville de Constantine, une ville historique et mill\u00e9naire qui rec\u00e8le un grand potentiel pour un tourisme de qualit\u00e9 pour ceux qui s\u2019int\u00e9ressent \u00e0 l\u2019histoire ou au patrimoine humanitaire. Cette ann\u00e9e, quelques touristes n\u00e9erlandais ont visit\u00e9 la ville mais il faut reconna\u00eetre que le potentiel touristique de la cit\u00e9 est sous-exploit\u00e9. Il faut le dire, la ville est l\u00e0, les gens sont tr\u00e8s accueillants, je suis s\u00fbr que le tourisme va arriver.\u00a0Comme vous savez, on va inaugurer une exposition photo au niveau d\u2019un ancien palais situ\u00e9 au centre de la vieille cit\u00e9, je vous invite \u00e0 y prendre part.<br \/>\u00a0<\/p>\n<p>Auteur: Boudjedri<br \/>\n<a href=\"http:\/\/www.jeune-independant.net\/L-ambassadeur-des-Pays-Bas-au.html\">Cliquez ici pour lire l&rsquo;article depuis sa source.<\/a><\/p>\n","protected":false},"excerpt":{"rendered":"<p>L\u2019ambassadeur du Royaume des Pays-Bas en Alg\u00e9rie, Robert Van Embden, dont le pays fut l\u2019h\u00f4te de la ville des Ponts durant une journ\u00e9e intitul\u00e9e \u00ab\u00a0Journ\u00e9e des Pays-Bas \u00e0 Constantine\u00a0\u00bb revient dans un entretien au Jeune Ind\u00e9pendant sur les relations alg\u00e9ro-n\u00e9erlandaises, les perspectives de coop\u00e9ration entre les deux pays, et sur\u00a0l\u2019\u00e9v\u00e8nement auquel l\u2019humanit\u00e9 enti\u00e8re est suspendue\u00a0: [&hellip;]<\/p>\n","protected":false},"author":1737,"featured_media":0,"comment_status":"closed","ping_status":"closed","sticky":false,"template":"","format":"standard","meta":{"fifu_image_url":"","fifu_image_alt":"","footnotes":""},"categories":[73,53],"tags":[],"class_list":["post-79239","post","type-post","status-publish","format-standard","hentry","category-actualite","category-algerie"],"_links":{"self":[{"href":"https:\/\/linitiative.ca\/International\/wp-json\/wp\/v2\/posts\/79239","targetHints":{"allow":["GET"]}}],"collection":[{"href":"https:\/\/linitiative.ca\/International\/wp-json\/wp\/v2\/posts"}],"about":[{"href":"https:\/\/linitiative.ca\/International\/wp-json\/wp\/v2\/types\/post"}],"author":[{"embeddable":true,"href":"https:\/\/linitiative.ca\/International\/wp-json\/wp\/v2\/users\/1737"}],"replies":[{"embeddable":true,"href":"https:\/\/linitiative.ca\/International\/wp-json\/wp\/v2\/comments?post=79239"}],"version-history":[{"count":0,"href":"https:\/\/linitiative.ca\/International\/wp-json\/wp\/v2\/posts\/79239\/revisions"}],"wp:attachment":[{"href":"https:\/\/linitiative.ca\/International\/wp-json\/wp\/v2\/media?parent=79239"}],"wp:term":[{"taxonomy":"category","embeddable":true,"href":"https:\/\/linitiative.ca\/International\/wp-json\/wp\/v2\/categories?post=79239"},{"taxonomy":"post_tag","embeddable":true,"href":"https:\/\/linitiative.ca\/International\/wp-json\/wp\/v2\/tags?post=79239"}],"curies":[{"name":"wp","href":"https:\/\/api.w.org\/{rel}","templated":true}]}}