{"id":79249,"date":"2020-03-16T16:42:58","date_gmt":"2020-03-16T20:42:58","guid":{"rendered":"https:\/\/linitiative.ca\/International\/coronavirus-surtout-pas-danti-inflammatoires-en-cas-de-fievre-ou-de-cas-suspect-de-corona\/"},"modified":"2020-03-16T16:42:58","modified_gmt":"2020-03-16T20:42:58","slug":"coronavirus-surtout-pas-danti-inflammatoires-en-cas-de-fievre-ou-de-cas-suspect-de-corona","status":"publish","type":"post","link":"https:\/\/linitiative.ca\/International\/coronavirus-surtout-pas-danti-inflammatoires-en-cas-de-fievre-ou-de-cas-suspect-de-corona\/","title":{"rendered":"Coronavirus : Surtout pas d\u2019anti-inflammatoires en cas de fi\u00e8vre ou de cas suspect de corona"},"content":{"rendered":"<p><strong>Le corps m\u00e9dical alerte sur la prise de certains m\u00e9dicaments en cas de fi\u00e8vre ou de cas suspect de corona.<\/strong><\/p>\n<div class=\"c10\"\/>\n<p>Au Maroc, l\u2019<strong>\u00e9pid\u00e9mie du Coronavirus<\/strong> progresse. Officiellement, le royaume a enregistr\u00e9 son 29<sup>\u00e8me<\/sup> cas ce lundi. Une \u00e9volution qui cristallise davantage la psychose au sein de la population. Toutefois, le corps m\u00e9dical appelle \u00e0 la vigilance des uns et des autres en ce qui concerne surtout la prise de certains <strong>m\u00e9dicaments<\/strong> en ces temps difficiles.<\/p>\n<p>Le <strong>corps m\u00e9dical<\/strong> indique ainsi qu\u2019il ne faut pas prendre des anti-inflammatoires en cas de fi\u00e8vre ou de cas suspect de corona. Voici la liste des m\u00e9dicaments \u00e0 \u00e9viter\u00a0: Aspirine, Ibuprofen, Surgam, Diclofen, Profenid, Apranax, Piroxicam, Aspegic, Celebrex, Flanid, Voltarene, Ketoprofen, Cyclafol. \u00ab\u00a0Les derniers cas en r\u00e9animation et en \u00e9tat grave sont des jeunes sans ant\u00e9c\u00e9dents qui auraient pris des anti-inflammatoires au d\u00e9but des sympt\u00f4mes\u00a0\u00bb, apprend-t-on.<\/p>\n<div class=\"c17\">\n<fieldset class=\"c16\">\n<legend><strong><span class=\"c11\">Challenge<\/span><span class=\"c12\">news<\/span><\/strong><\/legend>\n<div class=\"c15\">Le meilleur de Challenge s\u00e9lectionn\u00e9 par la r\u00e9daction :<\/p>\n<\/div>\n<\/fieldset>\n<\/div>\n<p>Auteur: challenge<br \/>\n<a href=\"https:\/\/www.challenge.ma\/coronavirus-surtout-pas-danti-inflammatoires-en-cas-de-fievre-ou-de-cas-suspect-de-corona-132453\/\">Cliquez ici pour lire l&rsquo;article depuis sa source.<\/a><\/p>\n","protected":false},"excerpt":{"rendered":"<p>Le corps m\u00e9dical alerte sur la prise de certains m\u00e9dicaments en cas de fi\u00e8vre ou de cas suspect de corona. Au Maroc, l\u2019\u00e9pid\u00e9mie du Coronavirus progresse. Officiellement, le royaume a enregistr\u00e9 son 29\u00e8me cas ce lundi. Une \u00e9volution qui cristallise davantage la psychose au sein de la population. Toutefois, le corps m\u00e9dical appelle \u00e0 la [&hellip;]<\/p>\n","protected":false},"author":1787,"featured_media":0,"comment_status":"closed","ping_status":"closed","sticky":false,"template":"","format":"standard","meta":{"fifu_image_url":"","fifu_image_alt":"","footnotes":""},"categories":[78,54],"tags":[],"class_list":["post-79249","post","type-post","status-publish","format-standard","hentry","category-economie","category-maroc"],"_links":{"self":[{"href":"https:\/\/linitiative.ca\/International\/wp-json\/wp\/v2\/posts\/79249","targetHints":{"allow":["GET"]}}],"collection":[{"href":"https:\/\/linitiative.ca\/International\/wp-json\/wp\/v2\/posts"}],"about":[{"href":"https:\/\/linitiative.ca\/International\/wp-json\/wp\/v2\/types\/post"}],"author":[{"embeddable":true,"href":"https:\/\/linitiative.ca\/International\/wp-json\/wp\/v2\/users\/1787"}],"replies":[{"embeddable":true,"href":"https:\/\/linitiative.ca\/International\/wp-json\/wp\/v2\/comments?post=79249"}],"version-history":[{"count":0,"href":"https:\/\/linitiative.ca\/International\/wp-json\/wp\/v2\/posts\/79249\/revisions"}],"wp:attachment":[{"href":"https:\/\/linitiative.ca\/International\/wp-json\/wp\/v2\/media?parent=79249"}],"wp:term":[{"taxonomy":"category","embeddable":true,"href":"https:\/\/linitiative.ca\/International\/wp-json\/wp\/v2\/categories?post=79249"},{"taxonomy":"post_tag","embeddable":true,"href":"https:\/\/linitiative.ca\/International\/wp-json\/wp\/v2\/tags?post=79249"}],"curies":[{"name":"wp","href":"https:\/\/api.w.org\/{rel}","templated":true}]}}