{"id":79250,"date":"2020-03-16T17:10:12","date_gmt":"2020-03-16T21:10:12","guid":{"rendered":"https:\/\/linitiative.ca\/International\/france-emmanuel-macron-annonce-un-confinement-partiel\/"},"modified":"2020-03-16T17:10:12","modified_gmt":"2020-03-16T21:10:12","slug":"france-emmanuel-macron-annonce-un-confinement-partiel","status":"publish","type":"post","link":"https:\/\/linitiative.ca\/International\/france-emmanuel-macron-annonce-un-confinement-partiel\/","title":{"rendered":"France : Emmanuel Macron annonce un confinement partiel"},"content":{"rendered":"<p><strong>Le pr\u00e9sident fran\u00e7ais, Emmanuel Macron a, entre autres, annonc\u00e9 un confinement partiel dans son allocution prononc\u00e9e ce lundi.<\/strong><\/p>\n<div class=\"c10\"\/>\n<p>C\u2019est le deuxi\u00e8me discours du pr\u00e9sident fran\u00e7ais en quelques jours. Emmanuel Macron, dans son allocution ce lundi soir, a annonc\u00e9 de nouvelles mesures pour limiter la <strong>propagation<\/strong> du coronavirus dans l\u2019Hexagone. Il a notamment demand\u00e9 aux Fran\u00e7ais \u00ab\u00a0d\u2019\u00eatre responsable tous ensemble et de ne pas c\u00e9der \u00e0 la panique\u00a0\u00bb. Le chef d\u2019Etat fran\u00e7ais a surtout annonc\u00e9 un <strong>confinement<\/strong> partiel.<\/p>\n<p>\u00ab\u00a0Cela pour une dur\u00e9e \u00a0d\u2019au moins 15 jours, pour <em>limiter<\/em> au maximum les contacts et lutter contre l\u2019expansion du coronavirus\u00a0\u00bb, a pr\u00e9cis\u00e9 le pr\u00e9sident fran\u00e7ais. La mesure rentrera en vigueur demain midi et des sanctions seront prises en cas de non respect. Les <strong>d\u00e9placements<\/strong> non essentiels interdits seront donc interdits d\u00e8s mardi midi. \u00ab\u00a0Il ne sera ainsi plus possible de retrouver ses amis ou aller au parc\u00a0\u00bb.<\/p>\n<p>\u00ab\u00a0Seuls doivent demeurer les trajets n\u00e9cessaires, pour se soigner, faire ses courses ou encore aller au travail quand le travail \u00e0 distance n\u2019est pas possible\u00a0\u00bb, a pr\u00e9cis\u00e9 le chef de l\u2019Etat. Sur ce dernier point, le pr\u00e9sident fran\u00e7ais a demand\u00e9 \u00e0 toutes les entreprises de faciliter le travail \u00e0 distance, ajoutant qu\u2019aucune entreprise ne sera livr\u00e9e au risque de faillite. Il a aussi indiqu\u00e9 que les loyers et les factures d\u2019eau, gaz et \u00e9lectricit\u00e9 allaient \u00eatre suspendus.<\/p>\n<p>Emmanuel Macron a aussi assur\u00e9 qu\u2019aucun Fran\u00e7ais ne sera laiss\u00e9 sans ressources, gr\u00e2ce au ch\u00f4mage partiel et \u00e0 un fonds de solidarit\u00e9. \u00ab\u00a0Toutes les r\u00e9formes en cours seront \u00e9galement suspendues, \u00e0 commencer par celle des retraites. Concernant les \u00e9lections municipales\u00a0\u00bb, a annonc\u00e9 Emmanuel Macron, ajoutant \u00e9galement que le second tour est report\u00e9. Rappelons que le nombre de cas de personnes contamin\u00e9es a d\u00e9j\u00e0 atteint 6633, avec 148 d\u00e9c\u00e8s.<\/p>\n<div class=\"c17\">\n<fieldset class=\"c16\">\n<legend><strong><span class=\"c11\">Challenge<\/span><span class=\"c12\">news<\/span><\/strong><\/legend>\n<div class=\"c15\">Le meilleur de Challenge s\u00e9lectionn\u00e9 par la r\u00e9daction :<\/p>\n<\/div>\n<\/fieldset>\n<\/div>\n<p>Auteur: challenge<br \/>\n<a href=\"https:\/\/www.challenge.ma\/france-emmanuel-macron-annonce-un-confinement-partiel-132456\/\">Cliquez ici pour lire l&rsquo;article depuis sa source.<\/a><\/p>\n","protected":false},"excerpt":{"rendered":"<p>Le pr\u00e9sident fran\u00e7ais, Emmanuel Macron a, entre autres, annonc\u00e9 un confinement partiel dans son allocution prononc\u00e9e ce lundi. C\u2019est le deuxi\u00e8me discours du pr\u00e9sident fran\u00e7ais en quelques jours. Emmanuel Macron, dans son allocution ce lundi soir, a annonc\u00e9 de nouvelles mesures pour limiter la propagation du coronavirus dans l\u2019Hexagone. Il a notamment demand\u00e9 aux Fran\u00e7ais [&hellip;]<\/p>\n","protected":false},"author":1787,"featured_media":0,"comment_status":"closed","ping_status":"closed","sticky":false,"template":"","format":"standard","meta":{"fifu_image_url":"","fifu_image_alt":"","footnotes":""},"categories":[78,54],"tags":[],"class_list":["post-79250","post","type-post","status-publish","format-standard","hentry","category-economie","category-maroc"],"_links":{"self":[{"href":"https:\/\/linitiative.ca\/International\/wp-json\/wp\/v2\/posts\/79250","targetHints":{"allow":["GET"]}}],"collection":[{"href":"https:\/\/linitiative.ca\/International\/wp-json\/wp\/v2\/posts"}],"about":[{"href":"https:\/\/linitiative.ca\/International\/wp-json\/wp\/v2\/types\/post"}],"author":[{"embeddable":true,"href":"https:\/\/linitiative.ca\/International\/wp-json\/wp\/v2\/users\/1787"}],"replies":[{"embeddable":true,"href":"https:\/\/linitiative.ca\/International\/wp-json\/wp\/v2\/comments?post=79250"}],"version-history":[{"count":0,"href":"https:\/\/linitiative.ca\/International\/wp-json\/wp\/v2\/posts\/79250\/revisions"}],"wp:attachment":[{"href":"https:\/\/linitiative.ca\/International\/wp-json\/wp\/v2\/media?parent=79250"}],"wp:term":[{"taxonomy":"category","embeddable":true,"href":"https:\/\/linitiative.ca\/International\/wp-json\/wp\/v2\/categories?post=79250"},{"taxonomy":"post_tag","embeddable":true,"href":"https:\/\/linitiative.ca\/International\/wp-json\/wp\/v2\/tags?post=79250"}],"curies":[{"name":"wp","href":"https:\/\/api.w.org\/{rel}","templated":true}]}}