{"id":79263,"date":"2020-03-16T05:27:30","date_gmt":"2020-03-16T09:27:30","guid":{"rendered":"https:\/\/linitiative.ca\/International\/a-la-hauteur-des-enjeux\/"},"modified":"2020-03-16T05:27:30","modified_gmt":"2020-03-16T09:27:30","slug":"a-la-hauteur-des-enjeux","status":"publish","type":"post","link":"https:\/\/linitiative.ca\/International\/a-la-hauteur-des-enjeux\/","title":{"rendered":"A la hauteur des enjeux"},"content":{"rendered":"<div class=\"td-post-featured-image\"><a href=\"https:\/\/i1.wp.com\/www.sidwaya.info\/wp-content\/uploads\/2020\/03\/editosid02-1.gif?fit=635%2C789&amp;ssl=1\" data-caption=\"\"><img loading=\"lazy\" decoding=\"async\" width=\"635\" height=\"789\" class=\"entry-thumb td-modal-image\" src=\"https:\/\/i1.wp.com\/www.sidwaya.info\/wp-content\/uploads\/2020\/03\/editosid02-1.gif?resize=635,789&amp;ssl=1\" alt=\"\" title=\"editosid02\"\/><\/a><\/div>\n<p>Le monde fait face \u00e0 l\u2019une des plus graves crises sanitaires. Le dernier d\u00e9compte des malades \u00e0 coronavirus, au 14 mars 2020, fait \u00e9tat de plus de 145 000 cas, issus de 123 pays et pr\u00e8s de 5 500 d\u00e9c\u00e8s. Apr\u00e8s la Chine, c\u2019est en Italie que le Covid-19 a le plus caus\u00e9 de perte en vies humaines avec 1 266 morts, suivie de Iran avec 514 d\u00e9c\u00e8s, puis de l\u2019Espagne, avec 133 morts. \u00a0La France et la Cor\u00e9e du Sud enregistrent respectivement 79 et 72 d\u00e9c\u00e8s, selon les chiffres officiels qui, peut-\u00eatre, sous-estiment l\u2019ampleur de l\u2019\u00e9pid\u00e9mie. Au moment o\u00f9 la situation est sans commune mesure avec l\u2019Europe, devenue l\u2019\u00e9picentre de la maladie, c\u2019est le branle-bas de combat au Burkina Faso depuis la confirmation de deux premiers cas le 09 mars dernier, puis 7 autres quelques jours plus tard. En deux temps, le pays a \u00e9dict\u00e9 diverses mesures pour contrer la propagation du coronavirus sur le territoire national. Elle a d\u00e9cid\u00e9, entre autres, de l\u2019observance de mesures d\u2019hygi\u00e8ne strictes, de la suspension de tout \u00e9v\u00e8nement d\u2019envergure jusqu\u2019au 30 avril 2020, de\u00a0 la\u00a0 fermeture\u00a0 des \u00e9tablissements\u00a0 d\u2019enseignements\u00a0 pr\u00e9scolaires,\u00a0 primaires,\u00a0 post primaires et secondaires, professionnels et\u00a0 universitaires,\u00a0 du lundi 16 mars\u00a0 2020\u00a0 au\u00a0 mardi\u00a0 31\u00a0 mars\u00a0 2020 au moins,\u00a0 sur\u00a0 toute\u00a0 l\u2019\u00e9tendue\u00a0 du\u00a0 territoire. \u00a0Pour contraignantes qu\u2019elles puissent paraitre, ces mesures pr\u00e9ventives graduelles sont recommand\u00e9es par l\u2019OMS qui indique qu\u2019il est possible de ralentir \u00ab\u00a0<em>consid\u00e9rablement<\/em>\u00a0\u00bb la propagation du virus, voire de renverser la tendance. Elle pr\u00e9conise plut\u00f4t la \u00a0mise en \u0153uvre de mesures \u00e9nergiques d\u2019endiguement en vue de freiner l\u2019expansion de la pand\u00e9mie, laissant ainsi assez de temps \u00e0 la communaut\u00e9 des chercheurs pour trouver des traitements et des vaccins efficaces.\u00a0 A l\u2019image de la R\u00e9publique populaire de Chine, premier pays affect\u00e9 qui s\u2019appr\u00eate \u00e0 d\u00e9clarer sa victoire sur le nouveau coronavirus, il va falloir que les Burkinab\u00e8, pour une fois, parviennent \u00e0 faire chorus dans l\u2019application stricte des mesures annonc\u00e9es et qui placent chacun face \u00e0 ses responsabilit\u00e9s, \u00e0 ses devoirs de citoyens. C\u2019est du reste, ce que le chef de l\u2019Etat, Roch Marc Christian Kabor\u00e9, a lanc\u00e9 samedi dernier en r\u00e9ponse \u00e0 la pol\u00e9mique pu\u00e9rile relative \u00e0 la d\u00e9cision gouvernementale en vue de r\u00e9duire la propagation du fl\u00e9au. \u00ab <em>Ce ne sont pas des mesures coercitives contre une personne ou un groupe, mais pour la sant\u00e9 de la population. Certains ont les interpr\u00e9t\u00e9es comme \u00e9tant des mesures qui leur sont adress\u00e9es. M\u00eame dans les grands pays, il y a des restrictions partout.<\/em> <em>Ce n\u2019est pas une fiction que nous inventons pour apeurer qui que ce soit. Il est n\u00e9cessaire que nous soyons conscients que notre responsabilit\u00e9 nous impose d\u2019accepter ces restrictions temporaires<\/em> \u00bb, a-t-il coup\u00e9 court. A ceux qui militeraient, \u00e0 raison peut-\u00eatre, pour la suspension des dessertes a\u00e9riennes, il faut rappeler que les interdictions de vols en provenance de Chine n\u2019ont pas \u00e9t\u00e9 d\u2019un grand secours pour l\u2019Italie, premier pays \u00e0 mettre en \u0153uvre cette mesure.\u00a0 C\u2019est la preuve que c\u2019est d\u2019une r\u00e9ponse \u00e9quilibr\u00e9e dont nous avons besoin, loin de toute tentation de repli, d\u2019isolement dans un contexte de mondialisation irr\u00e9versible. Politiquement, la transparence et la proactivit\u00e9 doivent guider \u00a0les actions du Centre des op\u00e9rations de r\u00e9ponse aux urgences sanitaires (CORUS) et du Conseil de coordination de la mise en \u0153uvre du Plan de pr\u00e9paration et de riposte \u00e0 une \u00e9pid\u00e9mie de COVID-19 en mati\u00e8re d\u2019information d\u2019un public \u00e0 l\u2019aff\u00fbt de la moindre alerte, m\u00eame erron\u00e9e. Les atermoiements li\u00e9s \u00e0 la centralisation compr\u00e9hensible de la communication sur le COVID 19 peuvent cependant faire le lit \u00a0du sensationnalisme, des rumeurs de tout genre.<\/p>\n<p>Le COVID 19 est un d\u00e9fi de trop pour un Burkina Faso, d\u00e9j\u00e0 en proie \u00e0 un front social en \u00e9bullition et \u00e0 une guerre sans merci contre le terrorisme avec son corollaire de conflits communautaires, de d\u00e9plac\u00e9s internes. Nous n\u2019avons de choix que d\u2019\u00eatre \u00e0 la hauteur des enjeux.<\/p>\n<p><strong>Mahamadi TIEGNA<\/strong><\/p>\n<p><strong>\u00a0<\/strong><\/p>\n<p><strong>\u00a0<\/strong><\/p>\n<div class=\"td-a-rec td-a-rec-id-content_bottom tdi_30_168 td_block_template_1\"><img loading=\"lazy\" decoding=\"async\" class=\"aligncenter size-full wp-image-9623\" src=\"https:\/\/www.sidwaya.info\/wp-content\/uploads\/2019\/06\/Projet-bannie\u0300re-Orange-mobile.jpg\" alt=\"\" width=\"728\" height=\"81\"\/><\/div>\n<p>Auteur: BS. Sidwaya<br \/>\n<a href=\"https:\/\/www.sidwaya.info\/blog\/2020\/03\/16\/a-la-hauteur-des-enjeux\/\">Cliquez ici pour lire l&rsquo;article depuis sa source.<\/a><\/p>\n","protected":false},"excerpt":{"rendered":"<p>Le monde fait face \u00e0 l\u2019une des plus graves crises sanitaires. Le dernier d\u00e9compte des malades \u00e0 coronavirus, au 14 mars 2020, fait \u00e9tat de plus de 145 000 cas, issus de 123 pays et pr\u00e8s de 5 500 d\u00e9c\u00e8s. Apr\u00e8s la Chine, c\u2019est en Italie que le Covid-19 a le plus caus\u00e9 de perte [&hellip;]<\/p>\n","protected":false},"author":1816,"featured_media":0,"comment_status":"closed","ping_status":"closed","sticky":false,"template":"","format":"standard","meta":{"fifu_image_url":"","fifu_image_alt":"","footnotes":""},"categories":[73,81],"tags":[],"class_list":["post-79263","post","type-post","status-publish","format-standard","hentry","category-actualite","category-burkina-faso"],"_links":{"self":[{"href":"https:\/\/linitiative.ca\/International\/wp-json\/wp\/v2\/posts\/79263","targetHints":{"allow":["GET"]}}],"collection":[{"href":"https:\/\/linitiative.ca\/International\/wp-json\/wp\/v2\/posts"}],"about":[{"href":"https:\/\/linitiative.ca\/International\/wp-json\/wp\/v2\/types\/post"}],"author":[{"embeddable":true,"href":"https:\/\/linitiative.ca\/International\/wp-json\/wp\/v2\/users\/1816"}],"replies":[{"embeddable":true,"href":"https:\/\/linitiative.ca\/International\/wp-json\/wp\/v2\/comments?post=79263"}],"version-history":[{"count":0,"href":"https:\/\/linitiative.ca\/International\/wp-json\/wp\/v2\/posts\/79263\/revisions"}],"wp:attachment":[{"href":"https:\/\/linitiative.ca\/International\/wp-json\/wp\/v2\/media?parent=79263"}],"wp:term":[{"taxonomy":"category","embeddable":true,"href":"https:\/\/linitiative.ca\/International\/wp-json\/wp\/v2\/categories?post=79263"},{"taxonomy":"post_tag","embeddable":true,"href":"https:\/\/linitiative.ca\/International\/wp-json\/wp\/v2\/tags?post=79263"}],"curies":[{"name":"wp","href":"https:\/\/api.w.org\/{rel}","templated":true}]}}