{"id":79264,"date":"2020-03-16T05:48:55","date_gmt":"2020-03-16T09:48:55","guid":{"rendered":"https:\/\/linitiative.ca\/International\/crise-humanitaire-des-dons-de-58-millions-de-f-cfa-pour-les-deplaces\/"},"modified":"2020-03-16T05:48:55","modified_gmt":"2020-03-16T09:48:55","slug":"crise-humanitaire-des-dons-de-58-millions-de-f-cfa-pour-les-deplaces","status":"publish","type":"post","link":"https:\/\/linitiative.ca\/International\/crise-humanitaire-des-dons-de-58-millions-de-f-cfa-pour-les-deplaces\/","title":{"rendered":"Crise humanitaire:  Des dons de 58 millions de F CFA pour les d\u00e9plac\u00e9s"},"content":{"rendered":"<div class=\"td-post-featured-image\"><a href=\"https:\/\/i1.wp.com\/www.sidwaya.info\/wp-content\/uploads\/2020\/03\/2don.jpg?fit=900%2C600&amp;ssl=1\" data-caption=\"\"><img loading=\"lazy\" decoding=\"async\" width=\"696\" height=\"464\" class=\"entry-thumb td-modal-image\" src=\"https:\/\/i1.wp.com\/www.sidwaya.info\/wp-content\/uploads\/2020\/03\/2don.jpg?resize=696,464&amp;ssl=1\" srcset=\"https:\/\/i1.wp.com\/www.sidwaya.info\/wp-content\/uploads\/2020\/03\/2don.jpg?w=900&amp;ssl=1 900w, https:\/\/i1.wp.com\/www.sidwaya.info\/wp-content\/uploads\/2020\/03\/2don.jpg?resize=300%2C200&amp;ssl=1 300w, https:\/\/i1.wp.com\/www.sidwaya.info\/wp-content\/uploads\/2020\/03\/2don.jpg?resize=768%2C512&amp;ssl=1 768w, https:\/\/i1.wp.com\/www.sidwaya.info\/wp-content\/uploads\/2020\/03\/2don.jpg?resize=696,464&amp;ssl=1 696w, https:\/\/i1.wp.com\/www.sidwaya.info\/wp-content\/uploads\/2020\/03\/2don.jpg?resize=630%2C420&amp;ssl=1 630w, https:\/\/i1.wp.com\/www.sidwaya.info\/wp-content\/uploads\/2020\/03\/2don.jpg?resize=600%2C400&amp;ssl=1 600w\" sizes=\"auto, (max-width: 696px) 100vw, 696px\" alt=\"\" title=\"2don\"\/><\/a><\/div>\n<p><strong>Le minist\u00e8re de la Femme, de la Solidarit\u00e9 nationale, de la Famille et de l\u2019Action humanitaire a re\u00e7u, le vendredi 13 mars 2020 d\u2019institutions, d\u2019associations et de personnalit\u00e9s des dons en nature et esp\u00e8ce pour la prise en charge des d\u00e9plac\u00e9s internes.<\/strong><\/p>\n<p>Des institutions, des associations, des entreprises et des personnalit\u00e9s sont solidaires au Burkina Faso pour la prise en charge des victimes des attaques terroristes. Elles l\u2019ont manifest\u00e9 le vendredi 13 mars 2020 \u00e0 Ouagadougou en remettant au minist\u00e8re de la Femme, de la Solidarit\u00e9 nationale, de la Famille et de l\u2019Action humanitaire des dons en nature et en esp\u00e8ce de plus de 58 millions de FCFA.<\/p>\n<p>C\u2019est la commission de l\u2019Union \u00e9conomique et mon\u00e9taire ouest-africaine (UEMOA) qui a ouvert le bal des dons avec un ch\u00e8que de 30 millions F CFA. Cette somme est destin\u00e9e \u00e0 la prise en charge des enfants victimes des attaques terroristes en particulier ceux de Arbinda. De m\u00eame, l\u2019association des femmes en service dans les organes de l\u2019UEMOA, foi de leur repr\u00e9sentante, Rose Kabran, a d\u00e9cid\u00e9 de c\u00e9l\u00e9brer le 8-Mars autrement, en offrant 10 millions de F CFA aux d\u00e9plac\u00e9s. Ce don est compos\u00e9 d\u2019un ch\u00e8que de 5 millions de F CFA, des vivres et des non-vivres d\u2019un montant de 5 millions \u00e9galement.<\/p>\n<p>Pour le repr\u00e9sentant du pr\u00e9sident de la commission de l\u2019UEMOA, Georges Essowe Barcola, les violences meurtri\u00e8res, perp\u00e9tr\u00e9es par les terroristes ont laiss\u00e9 de nombreuses populations dans la d\u00e9solation. <em>\u00ab\u00a0La commission de l\u2019UEMOA ne peut rester insensible face \u00e0 ce drame qui frappe notre pays d\u2019accueil et qui sape ainsi tous nos efforts de d\u00e9veloppement \u00e9conomique et la lutte contre la pauvret\u00e9\u00a0\u00bb,<\/em> a-t-il indiqu\u00e9. C\u2019est pourquoi, son institution, par cette contribution entend soutenir le peuple burkinab\u00e8 dans cette rude \u00e9preuve.<\/p>\n<p>Les femmes du Programme des Nations unies pour le d\u00e9veloppement (PNUD), selon la repr\u00e9sentante Jeanne Marie Sedogho, ne veulent pas rester indiff\u00e9rentes face au malheur de leurs \u00ab\u00a0s\u0153urs et enfants\u00a0\u00bb burkinab\u00e8. Elles ont de ce fait apport\u00e9 une enveloppe financi\u00e8re de 1,2 millions de FCFA. <em>\u00ab\u00a0A l\u2019occasion de la c\u00e9l\u00e9bration du 8 mars, nous avons d\u00e9cid\u00e9 de cotiser pour venir en aide aux personnes et enfants d\u00e9plac\u00e9s. Par ce geste, nous voulons contribuer \u00e0 soulager la peine de ces derniers\u00a0\u00bb,<\/em> a-t-elle pr\u00e9cis\u00e9.<\/p>\n<p><strong>Des \u00e9tudiants donnent 5 millions de F CFA<\/strong><\/p>\n<p>La soci\u00e9t\u00e9 Brakina, quant \u00e0 elle a apport\u00e9 des vivres d\u2019une valeur de 11 millions de FCFA. Pour son directeur commercial et marketing, Raoul F\u00e9lix Sanon, c\u2019est une promesse que sa soci\u00e9t\u00e9 vient de r\u00e9aliser. <em>\u00ab\u00a0Nous avons promis de soutenir le pays avec des vivres \u00e0 hauteur de 100 millions de FCFA. Un premier don avait d\u00e9j\u00e0 \u00e9t\u00e9 fait. Avec ce don, nous r\u00e9alisons ainsi notre promesse\u00a0\u00bb<\/em>, a-t-il dit.<\/p>\n<p>Des coutumiers et religieux, avec \u00e0 leur t\u00eate le chef de Wemtenga (quartier de Ouagadougou), ont \u00e9galement laiss\u00e9 parler leur c\u0153ur en remettant au ministre en charge de l\u2019Action humanitaire, des vivres d\u2019une valeur de 1,1 million de FCFA. La s\u00e9rie de dons a pris fin par un geste des \u00e9tudiants des universit\u00e9s publiques du Burkina. Ces derniers ont lanc\u00e9 entre janvier et f\u00e9vrier dernier une campagne de collecte au profit des d\u00e9plac\u00e9s. A l\u2019issue, ils ont pu mobiliser des vivres, des v\u00eatements d\u2019environ 5 millions de F CFA.<\/p>\n<p>Le ministre en charge de l\u2019Action humanitaire, Laurence Ilboudo, a traduit sa reconnaissance aux donateurs, tout en rassurant que les fonds seront utilis\u00e9s \u00e0 bon escient pour le bonheur des d\u00e9plac\u00e9s et des enfants. Pour elle, la solidarit\u00e9 agissante entre Burkinab\u00e8 va contribuer \u00e0 relever les d\u00e9fis s\u00e9curitaires et alimentaires. Elle a invit\u00e9 toutes les bonnes volont\u00e9s \u00e0 emboiter le pas de ces donateurs pour aider les populations touch\u00e9es par l\u2019ins\u00e9curit\u00e9.<\/p>\n<p><strong>Adama SEDGO<\/strong><\/p>\n<p><strong>Rahissa CESSOUMA (stagiaire<\/strong>)<\/p>\n<div class=\"td-a-rec td-a-rec-id-content_bottom tdi_30_733 td_block_template_1\"><img loading=\"lazy\" decoding=\"async\" class=\"aligncenter size-full wp-image-9623\" src=\"https:\/\/www.sidwaya.info\/wp-content\/uploads\/2019\/06\/Projet-bannie\u0300re-Orange-mobile.jpg\" alt=\"\" width=\"728\" height=\"81\"\/><\/div>\n<p>Auteur: BS. Sidwaya<br \/>\n<a href=\"https:\/\/www.sidwaya.info\/blog\/2020\/03\/16\/crise-humanitaire-des-dons-de-58-millions-de-f-cfa-pour-les-deplaces\/\">Cliquez ici pour lire l&rsquo;article depuis sa source.<\/a><\/p>\n","protected":false},"excerpt":{"rendered":"<p>Le minist\u00e8re de la Femme, de la Solidarit\u00e9 nationale, de la Famille et de l\u2019Action humanitaire a re\u00e7u, le vendredi 13 mars 2020 d\u2019institutions, d\u2019associations et de personnalit\u00e9s des dons en nature et esp\u00e8ce pour la prise en charge des d\u00e9plac\u00e9s internes. Des institutions, des associations, des entreprises et des personnalit\u00e9s sont solidaires au Burkina [&hellip;]<\/p>\n","protected":false},"author":1816,"featured_media":0,"comment_status":"closed","ping_status":"closed","sticky":false,"template":"","format":"standard","meta":{"fifu_image_url":"","fifu_image_alt":"","footnotes":""},"categories":[73,81],"tags":[],"class_list":["post-79264","post","type-post","status-publish","format-standard","hentry","category-actualite","category-burkina-faso"],"_links":{"self":[{"href":"https:\/\/linitiative.ca\/International\/wp-json\/wp\/v2\/posts\/79264","targetHints":{"allow":["GET"]}}],"collection":[{"href":"https:\/\/linitiative.ca\/International\/wp-json\/wp\/v2\/posts"}],"about":[{"href":"https:\/\/linitiative.ca\/International\/wp-json\/wp\/v2\/types\/post"}],"author":[{"embeddable":true,"href":"https:\/\/linitiative.ca\/International\/wp-json\/wp\/v2\/users\/1816"}],"replies":[{"embeddable":true,"href":"https:\/\/linitiative.ca\/International\/wp-json\/wp\/v2\/comments?post=79264"}],"version-history":[{"count":0,"href":"https:\/\/linitiative.ca\/International\/wp-json\/wp\/v2\/posts\/79264\/revisions"}],"wp:attachment":[{"href":"https:\/\/linitiative.ca\/International\/wp-json\/wp\/v2\/media?parent=79264"}],"wp:term":[{"taxonomy":"category","embeddable":true,"href":"https:\/\/linitiative.ca\/International\/wp-json\/wp\/v2\/categories?post=79264"},{"taxonomy":"post_tag","embeddable":true,"href":"https:\/\/linitiative.ca\/International\/wp-json\/wp\/v2\/tags?post=79264"}],"curies":[{"name":"wp","href":"https:\/\/api.w.org\/{rel}","templated":true}]}}