{"id":79276,"date":"2020-03-17T08:40:20","date_gmt":"2020-03-17T12:40:20","guid":{"rendered":"https:\/\/linitiative.ca\/International\/en-temps-de-corona-les-artistes-se-mettent-a-la-sensibilisation\/"},"modified":"2020-03-17T08:40:20","modified_gmt":"2020-03-17T12:40:20","slug":"en-temps-de-corona-les-artistes-se-mettent-a-la-sensibilisation","status":"publish","type":"post","link":"https:\/\/linitiative.ca\/International\/en-temps-de-corona-les-artistes-se-mettent-a-la-sensibilisation\/","title":{"rendered":"En temps de corona : Les artistes se mettent \u00e0 la sensibilisation"},"content":{"rendered":"<p><img decoding=\"async\" class=\"post_layout_5_img\" src=\"http:\/\/aujourdhui.ma\/wp-content\/uploads\/2020\/03\/sensibilisation-artistes-coronavirus.jpg?x29840\" alt=\"En temps de corona : Les artistes se mettent &#xE0; la sensibilisation\"\/><\/p>\n<p class=\"p1\"><span class=\"s1 c4\"><strong>Aminux qui vient de partager le teaser de son nouveau single et clip intitul\u00e9s \u00abMimti\u00bb, invite \u00e0 la responsabilit\u00e9, l\u2019adoption des bons comportements et la conformit\u00e9 aux orientations du minist\u00e8re de la sant\u00e9.<\/strong><\/span><span id=\"more-336990\"\/><\/p>\n<p class=\"p1\">En plein temps de coronavirus, certains artistes habitu\u00e9s \u00e0 c\u00e9l\u00e9brer des concerts au Maroc et \u00e0 l\u2019\u00e9tranger se voient confin\u00e9s chez eux de par la mise \u00e0 l\u2019arr\u00eat de l\u2019art et la culture. Ind\u00e9niablement, il n\u2019est pas \u00e9vident pour eux de se confiner. Interrog\u00e9s sur le sujet, certains ont pr\u00e9f\u00e9r\u00e9 ne pas r\u00e9pondre. Tandis que d\u2019autres ont affich\u00e9 des r\u00e9serves. Ils semblent ne pas avoir le moral en ces moments. Cependant, ils se sont mis \u00e0 la sensibilisation de leurs fans comme le laisse voir le tour de leur page officielle sur les r\u00e9seaux sociaux.<\/p>\n<p class=\"p3\"><span class=\"s1\">L<\/span><strong>a protection commence par le confinement<\/strong><\/p>\n<p class=\"p1\">Entre autres stars marocaines, la diva Karima Skalli partage des publications invitant \u00e0 se confiner \u00e0 la maison. Une mani\u00e8re de mettre \u00abfin \u00e0 la propagation du virus\u00bb. Les images partag\u00e9es par l\u2019artiste sont \u00e9galement garnies de conseils pratiques pour se pr\u00e9munir, voire s\u2019occuper en plein confinement. Selon un post relay\u00e9 par la chanteuse, dimanche dernier sur Instagram, cet acte rime bien avec la cr\u00e9ation d\u2019une \u00abnouvelle playlist sur Spotify, la lecture, la m\u00e9ditation, le yoga et le nettoyage\u00bb. Les posts de la star recommandent aussi une bonne alimentation pour renforcer l\u2019immunit\u00e9.<\/p>\n<p class=\"p4\"><strong>Invitation d\u2019autres artistes \u00e0 la sensibilisation<\/strong><\/p>\n<p class=\"p1\">De son c\u00f4t\u00e9, le chanteur Amine Temri, alias Aminux, lance un appel \u00e0 ses pairs. <em>\u00abAmis jeunes et artistes, je veux que vous ayez un r\u00f4le de sensibilisation. C\u2019est l\u2019heure de la solidarit\u00e9\u00bb<\/em>, \u00e9crit-il sur sa page officielle Instagram. Le chanteur, qui vient de partager le teaser de son nouveau single et clip intitul\u00e9s \u00abMimti\u00bb, invite \u00e9galement \u00e0 la responsabilit\u00e9, l\u2019adoption des bons comportements et la conformit\u00e9 aux orientations du minist\u00e8re de la sant\u00e9.<\/p>\n<p class=\"p3\"><strong>\u00abPour que nos chers soient indemnes\u00bb<\/strong><\/p>\n<p class=\"p1\">A son tour, la chanteuse Salma Rachid partage sur le m\u00eame r\u00e9seau social des publications recommandant le confinement. Sur sa page, elle \u00e9crit : <em>\u00abRestez chez vous pour que tout le monde, nos chers et notre pays, soit indemne\u00bb<\/em>. Elle invite \u00e9galement \u00e0 \u00e9viter les lieux publics et les rassemblements. <em>\u00abLe plus important c\u2019est de se laver et d\u00e9sinfecter les mains constamment\u00bb<\/em>, encha\u00eene-t-elle. Comme elle le rappelle, il vaut mieux pr\u00e9venir que gu\u00e9rir.<\/p>\n<p class=\"p1\">Pour illustrer ses propos, elle partage aussi la r\u00e8gle v\u00e9hicul\u00e9e par le ministre chinois de la sant\u00e9 appelant \u00e0 traiter avec toute personne comme si elle \u00e9tait atteinte et \u00e0 se comporter comme si l\u2019on \u00e9tait atteint.<\/p>\n<p class=\"p1\">Cela \u00e9tant, la recommandation de confinement et de protection est \u00e9galement v\u00e9hicul\u00e9e par d\u2019autres stars \u00e0 l\u2019instar de Douzi, Zakaria Ghafouli, Fatima Zahra Laaroussi, Ihab Amir, Lamia Zaidi, Issam Kamal, Fnaire, Saida Charaf, Said Taghmaoui, Hatim Ammor et Badr Soltan. D\u2019autres ont m\u00eame partag\u00e9 des pri\u00e8res. C\u2019est le cas de Karima Skalli et Latifa Raafat. Dans l\u2019ensemble, les artistes marocains contribuent, chacun \u00e0 sa<span class=\"Apple-converted-space\">\u00a0<\/span> mani\u00e8re, \u00e0 sensibiliser sur les modes de protection \u00e0 adopter en ces temps difficiles et durs.<\/p>\n<p>Auteur: Salima Guisser<br \/>\n<a href=\"http:\/\/aujourdhui.ma\/culture\/en-temps-de-corona-les-artistes-se-mettent-a-la-sensibilisation\">Cliquez ici pour lire l&rsquo;article depuis sa source.<\/a><\/p>\n","protected":false},"excerpt":{"rendered":"<p>Aminux qui vient de partager le teaser de son nouveau single et clip intitul\u00e9s \u00abMimti\u00bb, invite \u00e0 la responsabilit\u00e9, l\u2019adoption des bons comportements et la conformit\u00e9 aux orientations du minist\u00e8re de la sant\u00e9. En plein temps de coronavirus, certains artistes habitu\u00e9s \u00e0 c\u00e9l\u00e9brer des concerts au Maroc et \u00e0 l\u2019\u00e9tranger se voient confin\u00e9s chez eux [&hellip;]<\/p>\n","protected":false},"author":1759,"featured_media":0,"comment_status":"closed","ping_status":"closed","sticky":false,"template":"","format":"standard","meta":{"fifu_image_url":"","fifu_image_alt":"","footnotes":""},"categories":[73,54],"tags":[],"class_list":["post-79276","post","type-post","status-publish","format-standard","hentry","category-actualite","category-maroc"],"_links":{"self":[{"href":"https:\/\/linitiative.ca\/International\/wp-json\/wp\/v2\/posts\/79276","targetHints":{"allow":["GET"]}}],"collection":[{"href":"https:\/\/linitiative.ca\/International\/wp-json\/wp\/v2\/posts"}],"about":[{"href":"https:\/\/linitiative.ca\/International\/wp-json\/wp\/v2\/types\/post"}],"author":[{"embeddable":true,"href":"https:\/\/linitiative.ca\/International\/wp-json\/wp\/v2\/users\/1759"}],"replies":[{"embeddable":true,"href":"https:\/\/linitiative.ca\/International\/wp-json\/wp\/v2\/comments?post=79276"}],"version-history":[{"count":0,"href":"https:\/\/linitiative.ca\/International\/wp-json\/wp\/v2\/posts\/79276\/revisions"}],"wp:attachment":[{"href":"https:\/\/linitiative.ca\/International\/wp-json\/wp\/v2\/media?parent=79276"}],"wp:term":[{"taxonomy":"category","embeddable":true,"href":"https:\/\/linitiative.ca\/International\/wp-json\/wp\/v2\/categories?post=79276"},{"taxonomy":"post_tag","embeddable":true,"href":"https:\/\/linitiative.ca\/International\/wp-json\/wp\/v2\/tags?post=79276"}],"curies":[{"name":"wp","href":"https:\/\/api.w.org\/{rel}","templated":true}]}}