{"id":79277,"date":"2020-03-17T08:49:51","date_gmt":"2020-03-17T12:49:51","guid":{"rendered":"https:\/\/linitiative.ca\/International\/transport-urbain-un-dispositif-de-prevention-renforce-mis-en-place-par-alsa\/"},"modified":"2020-03-17T08:49:51","modified_gmt":"2020-03-17T12:49:51","slug":"transport-urbain-un-dispositif-de-prevention-renforce-mis-en-place-par-alsa","status":"publish","type":"post","link":"https:\/\/linitiative.ca\/International\/transport-urbain-un-dispositif-de-prevention-renforce-mis-en-place-par-alsa\/","title":{"rendered":"Transport urbain : Un dispositif de pr\u00e9vention renforc\u00e9 mis en place par Alsa"},"content":{"rendered":"<header>\n<\/header>\n<div class=\"entry-content clearfix\" readability=\"50\"><img decoding=\"async\" class=\"post_layout_5_img\" src=\"http:\/\/aujourdhui.ma\/wp-content\/uploads\/2020\/03\/Bus-ALSA.jpg?x29840\" alt=\"Transport urbain : Un dispositif de pr&#xE9;vention renforc&#xE9; mis en place par Alsa\"\/><\/p>\n<p class=\"p1\"><span class=\"s1\"><span class=\"c4\"><strong>Alsa a proc\u00e9d\u00e9 depuis lundi \u00e0 un changement de fonctionnement. La soci\u00e9t\u00e9 du transport urbain op\u00e9rant dans diff\u00e9rentes villes du Royaume dont Marrakech, Agadir, Tanger et Casablanca prend les mesures de pr\u00e9caution n\u00e9cessaires pour juguler la crise du Covid-19.<\/strong><\/span><\/span><span id=\"more-337000\"\/><\/p>\n<p class=\"p1\"><span class=\"s1\">L\u2019engagement \u00e9tant de pr\u00e9venir la sant\u00e9 des usagers et<span class=\"Apple-converted-space\">\u00a0<\/span> du personnel et de limiter la propagation du virus. <em>\u00abLes mesures prises tiennent compte du caract\u00e8re pathog\u00e8ne et contagieux du virus. Dans ce contexte, le respect des r\u00e8gles de distance entre les personnes est l\u2019une des mesures les plus efficaces, et ce conform\u00e9ment aux recommandations des autorit\u00e9s sanitaires du Royaume pour limiter la propagation du virus\u00bb<\/em>, confirme l\u2019entreprise.<\/span><\/p>\n<p class=\"p1\"><span class=\"s1\">Celle-ci d\u00e9ploie actuellement des \u00e9quipes dans les diff\u00e9rents bus pour sensibiliser les passagers aux distances \u00e0 tenir entre chaque voyageur. Outre les r\u00e8gles de distance, Alsa a r\u00e9duit le nombre maximum de passagers par bus en exercice \u00e0 40 personnes. Le transporteur distribue par ailleurs des gels antiseptiques aussi bien \u00e0<span class=\"Apple-converted-space\">\u00a0<\/span> son personnel ainsi qu\u2019\u00e0 tous les usagers de ses bus.<\/span><\/p>\n<\/div>\n<p>Auteur: ALM<br \/>\n<a href=\"http:\/\/aujourdhui.ma\/societe\/transport-urbain-un-dispositif-de-prevention-renforce-mis-en-place-par-alsa\">Cliquez ici pour lire l&rsquo;article depuis sa source.<\/a><\/p>\n","protected":false},"excerpt":{"rendered":"<p>Alsa a proc\u00e9d\u00e9 depuis lundi \u00e0 un changement de fonctionnement. La soci\u00e9t\u00e9 du transport urbain op\u00e9rant dans diff\u00e9rentes villes du Royaume dont Marrakech, Agadir, Tanger et Casablanca prend les mesures de pr\u00e9caution n\u00e9cessaires pour juguler la crise du Covid-19. L\u2019engagement \u00e9tant de pr\u00e9venir la sant\u00e9 des usagers et\u00a0 du personnel et de limiter la propagation [&hellip;]<\/p>\n","protected":false},"author":1759,"featured_media":0,"comment_status":"closed","ping_status":"closed","sticky":false,"template":"","format":"standard","meta":{"fifu_image_url":"","fifu_image_alt":"","footnotes":""},"categories":[73,54],"tags":[],"class_list":["post-79277","post","type-post","status-publish","format-standard","hentry","category-actualite","category-maroc"],"_links":{"self":[{"href":"https:\/\/linitiative.ca\/International\/wp-json\/wp\/v2\/posts\/79277","targetHints":{"allow":["GET"]}}],"collection":[{"href":"https:\/\/linitiative.ca\/International\/wp-json\/wp\/v2\/posts"}],"about":[{"href":"https:\/\/linitiative.ca\/International\/wp-json\/wp\/v2\/types\/post"}],"author":[{"embeddable":true,"href":"https:\/\/linitiative.ca\/International\/wp-json\/wp\/v2\/users\/1759"}],"replies":[{"embeddable":true,"href":"https:\/\/linitiative.ca\/International\/wp-json\/wp\/v2\/comments?post=79277"}],"version-history":[{"count":0,"href":"https:\/\/linitiative.ca\/International\/wp-json\/wp\/v2\/posts\/79277\/revisions"}],"wp:attachment":[{"href":"https:\/\/linitiative.ca\/International\/wp-json\/wp\/v2\/media?parent=79277"}],"wp:term":[{"taxonomy":"category","embeddable":true,"href":"https:\/\/linitiative.ca\/International\/wp-json\/wp\/v2\/categories?post=79277"},{"taxonomy":"post_tag","embeddable":true,"href":"https:\/\/linitiative.ca\/International\/wp-json\/wp\/v2\/tags?post=79277"}],"curies":[{"name":"wp","href":"https:\/\/api.w.org\/{rel}","templated":true}]}}