{"id":79278,"date":"2020-03-17T08:52:35","date_gmt":"2020-03-17T12:52:35","guid":{"rendered":"https:\/\/linitiative.ca\/International\/performance-des-industries-de-transformation-de-loffshoring-et-des-services-plus-de-9-000-entreprises-concernees-par-une-enquete-de-la-tutelle\/"},"modified":"2020-03-17T08:52:35","modified_gmt":"2020-03-17T12:52:35","slug":"performance-des-industries-de-transformation-de-loffshoring-et-des-services-plus-de-9-000-entreprises-concernees-par-une-enquete-de-la-tutelle","status":"publish","type":"post","link":"https:\/\/linitiative.ca\/International\/performance-des-industries-de-transformation-de-loffshoring-et-des-services-plus-de-9-000-entreprises-concernees-par-une-enquete-de-la-tutelle\/","title":{"rendered":"Performance des industries de transformation, de l\u2019offshoring et des services : Plus de 9.000 entreprises concern\u00e9es par une enqu\u00eate de la tutelle"},"content":{"rendered":"<p><img decoding=\"async\" class=\"post_layout_5_img\" src=\"http:\/\/aujourdhui.ma\/wp-content\/uploads\/2019\/09\/Production-industrielle-industrie.jpg?x29840\" alt=\"Performance des industries de transformation, de l&#x2019;offshoring et des services : Plus de 9.000 entreprises concern&#xE9;es par une enqu&#xEA;te de la tutelle\"\/><\/p>\n<p class=\"p1\"><span class=\"s1 c4\"><strong>Les r\u00e9sultats de cette \u00e9tude vont permettre de disposer des informations permettant de mettre en \u0153uvre, de suivre et d\u2019analyser les politiques macro\u00e9conomiques et les politiques de d\u00e9veloppement desdits secteurs au Maroc.<\/strong><\/span><span id=\"more-336983\"\/><\/p>\n<p class=\"p1\"><span class=\"s1\">Afin de renforcer la comp\u00e9titivit\u00e9 des \u00e9cosyst\u00e8mes industriels, le minist\u00e8re de l\u2019industrie, du commerce, de l\u2019\u00e9conomie verte et num\u00e9rique planche sur une \u00e9tude de performance des secteurs des industries de transformation, de l\u2019offshoring et des services li\u00e9s \u00e0 l\u2019industrie. Environ 9.000 entreprises sont concern\u00e9es par ce projet qui couvrira les 12 r\u00e9gions du pays. Ainsi, 3.750 entreprises potentielles sont cibl\u00e9es au niveau de Rabat-Sal\u00e9-K\u00e9nitra, Tanger-T\u00e9touan-Al Hoceima, l\u2019Oriental, F\u00e8s-Mekn\u00e8s, et B\u00e9ni Mellal-Kh\u00e9nifra. De m\u00eame, 5.255 entreprises feront l\u2019objet de ce projet dans les r\u00e9gions de Casablanca-Settat, Marrakech-Safi, Dr\u00e2a-Tafilalet, Souss-Massa, L\u00e2ayoune-Sakia El Hamra, Dakhla-Oued Eddahab et Guelmim-Oued Noun.<\/span><\/p>\n<p class=\"p1\"><span class=\"s1\">La r\u00e9alisation de ce projet doit se faire au bout de 5 mois en deux phases : la premi\u00e8re consiste \u00e0 effectuer une enqu\u00eate aupr\u00e8s des entreprises cibl\u00e9es et la deuxi\u00e8me concernera le traitement des donn\u00e9es, analyse et publication des r\u00e9sultats. La tutelle veut capitaliser sur son exp\u00e9rience dans la conduite des enqu\u00eates terrain. Les r\u00e9sultats de cette \u00e9tude vont permettre de disposer des informations permettant de mettre en \u0153uvre, de suivre et d\u2019analyser les politiques macro\u00e9conomiques et les politiques de d\u00e9veloppement desdits secteurs au Maroc. Pour le minist\u00e8re de l\u2019industrie, du commerce, de l\u2019\u00e9conomie verte et num\u00e9rique, la comp\u00e9titivit\u00e9 de l\u2019\u00e9conomie est aujourd\u2019hui l\u2019une des pr\u00e9occupations majeures des \u00c9tats quel que soit le niveau de leur environnement \u00e9conomique. Ainsi, le d\u00e9veloppement industriel, notamment la comp\u00e9titivit\u00e9 industrielle, est un levier important sur lequel chaque pays devra s\u2019appuyer pour r\u00e9aliser ses objectifs en termes de d\u00e9veloppement humain, \u00e9conomique et social. <em>\u00abCette notion de comp\u00e9titivit\u00e9 se base sur la ma\u00eetrise de l\u2019information ainsi que sur son authenticit\u00e9 qui permet \u00e0 chaque entreprise ou organisme d\u2019adapter ses outils de production et ses m\u00e9thodes de commercialisation aux besoins de ses clients comme aux mouvements de ses concurrents, tout en restant en parfaite coh\u00e9rence avec l\u2019ensemble des strat\u00e9gies d\u00e9finies par le pays\u00bb<\/em>, explique le minist\u00e8re ajoutant que pour mener \u00e0 bien le Plan d\u2019acc\u00e9l\u00e9ration industrielle, une enveloppe budg\u00e9taire cons\u00e9quente a \u00e9t\u00e9 mobilis\u00e9e. A ce titre, un Fonds de d\u00e9veloppement industriel et des investissements (FDll) a \u00e9t\u00e9 mis en place. Ce Fonds permettra au tissu industriel de se consolider, de se moderniser et de d\u00e9velopper sa capacit\u00e9 de substitution de produits import\u00e9s.<\/span><\/p>\n<p class=\"p1\"><span class=\"s1\">Le Fonds constitue une opportunit\u00e9 unique d\u2019op\u00e9rer un changement d\u2019\u00e9chelle dans la dynamique de modernisation de l\u2019industrie nationale qui se dote, d\u00e9sormais, des moyens \u00e0 m\u00eame de concr\u00e9tiser ses ambitions de mise \u00e0 niveau, de d\u00e9veloppement et d\u2019internationalisation. C\u2019est de ce sens que la Direction des statistiques, des \u00e9tudes, de la veille et de l\u2019\u00e9valuation (DSEVE) r\u00e9alise l\u2019enqu\u00eate sur les industries de transformation (EAIT) avec la participation des d\u00e9l\u00e9gations provinciales du minist\u00e8re de l\u2019industrie, du commerce, de l\u2019\u00e9conomie verte et num\u00e9rique.<\/span><\/p>\n<p>Auteur: Ouchagour Leila<br \/>\n<a href=\"http:\/\/aujourdhui.ma\/economie\/performance-des-industries-de-transformation-de-loffshoring-et-des-services-plus-de-9-000-entreprises-concernees-par-une-enquete-de-la-tutelle\">Cliquez ici pour lire l&rsquo;article depuis sa source.<\/a><\/p>\n","protected":false},"excerpt":{"rendered":"<p>Les r\u00e9sultats de cette \u00e9tude vont permettre de disposer des informations permettant de mettre en \u0153uvre, de suivre et d\u2019analyser les politiques macro\u00e9conomiques et les politiques de d\u00e9veloppement desdits secteurs au Maroc. Afin de renforcer la comp\u00e9titivit\u00e9 des \u00e9cosyst\u00e8mes industriels, le minist\u00e8re de l\u2019industrie, du commerce, de l\u2019\u00e9conomie verte et num\u00e9rique planche sur une \u00e9tude [&hellip;]<\/p>\n","protected":false},"author":1759,"featured_media":0,"comment_status":"closed","ping_status":"closed","sticky":false,"template":"","format":"standard","meta":{"fifu_image_url":"","fifu_image_alt":"","footnotes":""},"categories":[73,54],"tags":[],"class_list":["post-79278","post","type-post","status-publish","format-standard","hentry","category-actualite","category-maroc"],"_links":{"self":[{"href":"https:\/\/linitiative.ca\/International\/wp-json\/wp\/v2\/posts\/79278","targetHints":{"allow":["GET"]}}],"collection":[{"href":"https:\/\/linitiative.ca\/International\/wp-json\/wp\/v2\/posts"}],"about":[{"href":"https:\/\/linitiative.ca\/International\/wp-json\/wp\/v2\/types\/post"}],"author":[{"embeddable":true,"href":"https:\/\/linitiative.ca\/International\/wp-json\/wp\/v2\/users\/1759"}],"replies":[{"embeddable":true,"href":"https:\/\/linitiative.ca\/International\/wp-json\/wp\/v2\/comments?post=79278"}],"version-history":[{"count":0,"href":"https:\/\/linitiative.ca\/International\/wp-json\/wp\/v2\/posts\/79278\/revisions"}],"wp:attachment":[{"href":"https:\/\/linitiative.ca\/International\/wp-json\/wp\/v2\/media?parent=79278"}],"wp:term":[{"taxonomy":"category","embeddable":true,"href":"https:\/\/linitiative.ca\/International\/wp-json\/wp\/v2\/categories?post=79278"},{"taxonomy":"post_tag","embeddable":true,"href":"https:\/\/linitiative.ca\/International\/wp-json\/wp\/v2\/tags?post=79278"}],"curies":[{"name":"wp","href":"https:\/\/api.w.org\/{rel}","templated":true}]}}