{"id":79279,"date":"2020-03-17T10:01:16","date_gmt":"2020-03-17T14:01:16","guid":{"rendered":"https:\/\/linitiative.ca\/International\/entrepreneuriat-la-13eme-edition-de-tremplin-maroc-est-annoncee\/"},"modified":"2020-03-17T10:01:16","modified_gmt":"2020-03-17T14:01:16","slug":"entrepreneuriat-la-13eme-edition-de-tremplin-maroc-est-annoncee","status":"publish","type":"post","link":"https:\/\/linitiative.ca\/International\/entrepreneuriat-la-13eme-edition-de-tremplin-maroc-est-annoncee\/","title":{"rendered":"Entrepreneuriat : La 13\u00e8me \u00e9dition de Tremplin Maroc est annonc\u00e9e"},"content":{"rendered":"<p><img decoding=\"async\" class=\"post_layout_5_img\" src=\"http:\/\/aujourdhui.ma\/wp-content\/uploads\/2020\/03\/La-13e\u0300me-e\u0301dition-de-Tremplin-Maroc-est-annonce\u0301e.jpg?x29840\" alt=\"Entrepreneuriat : La 13&#xE8;me &#xE9;dition de Tremplin Maroc est annonc&#xE9;e\"\/><\/p>\n<p class=\"p1\"><span class=\"s1\"><em><span class=\"c4\"><strong>L\u2019appel \u00e0 candidature a \u00e9t\u00e9 fix\u00e9 au 20 avril prochain. Les porteurs d\u2019id\u00e9es innovantes b\u00e9n\u00e9ficieront d\u2019un accompagnement privil\u00e9gi\u00e9 pour concr\u00e9tiser leur projet soit au Maroc, soit dans un autre pays d\u2019Afrique.<\/strong><\/span><\/em><\/span><span id=\"more-337009\"\/><\/p>\n<p class=\"p1\"><span class=\"s1\"><em>Les d\u00e9tails de cette 13\u00e8me \u00e9dition qui a \u00e9t\u00e9 plac\u00e9e sous un signe plus dynamique gr\u00e2ce \u00e0 une journ\u00e9e \u00abBooster\u00bb permettant aux porteurs de projets d\u2019\u00eatre inspir\u00e9s par les pr\u00e9c\u00e9dents dont les id\u00e9es ont \u00e9t\u00e9 concr\u00e9tis\u00e9es avec succ\u00e8s. Les d\u00e9tails.<\/em><\/span><\/p>\n<p class=\"p1\"><span class=\"s1\">L\u2019association Maroc Entrepreneurs annonce la 13\u00e8me \u00e9dition de son programme d\u2019incubation Tremplin Maroc. L\u2019appel \u00e0 candidature lanc\u00e9 s\u2019adresse \u00e0 tous les porteurs de projets innovants. Les gagnants du concours b\u00e9n\u00e9ficieront du programme d\u2019aide \u00e0 la cr\u00e9ation mis en place par l\u2019ONG gr\u00e2ce \u00e0 son r\u00e9seau d\u2019experts consolid\u00e9s au fil des ans. C\u2019est ainsi que chaque ann\u00e9e, une dizaine d\u2019entrepreneurs est identifi\u00e9e. \u00c0 cette issue, les porteurs de projets b\u00e9n\u00e9ficient d\u2019une formation, d\u2019un accompagnement personnalis\u00e9 gr\u00e2ce \u00e0 un coach. Les porteurs de projets b\u00e9n\u00e9ficient \u00e9galement du r\u00e9seau de l\u2019association pour trouver soit des march\u00e9s, soit des partenaires connus. La mise en relation d\u00e9passe les fronti\u00e8res de l\u2019Hexagone et a pour objectif de permettre aux jeunes qui le souhaitent de concr\u00e9tiser leur projet au Maroc.<\/span><\/p>\n<p class=\"p1\"><span class=\"s1\">Concr\u00e8tement, l\u2019accompagnement en coaching des porteurs de projet s\u00e9lectionn\u00e9s s\u2019effectuera pendant les 7 mois de formation. <em>\u00abCet encadrement personnalis\u00e9 permettra aux participants de r\u00e9aliser un business plan complet et concret de leur projet, un business model, une \u00e9tude de march\u00e9 compl\u00e8te\u00bb<\/em>, d\u00e9taillent les responsables de l\u2019association.<\/span><\/p>\n<p class=\"p1\"><span class=\"s1\">Les sessions de formation seront pr\u00e9vues entre les mois de mai et novembre prochains et seront cl\u00f4tur\u00e9es par une<span class=\"Apple-converted-space\">\u00a0<\/span> pr\u00e9sentation des projets devant un jury de professionnels. Les projets s\u00e9lectionn\u00e9s<span class=\"Apple-converted-space\">\u00a0<\/span> seront r\u00e9compens\u00e9s pendant la Journ\u00e9e de la cr\u00e9ation d\u2019entreprise (JCE) pr\u00e9vue en fin d\u2019ann\u00e9e 2020.<\/span><\/p>\n<p class=\"p1\"><span class=\"s1\">Cette nouvelle \u00e9dition a \u00e9t\u00e9 plac\u00e9e sous le signe d\u2019un cadre encore plus dynamique que les pr\u00e9c\u00e9dentes. Les organisateurs envisagent en effet une<span class=\"Apple-converted-space\">\u00a0<\/span> journ\u00e9e \u00abBooster\u00bb o\u00f9 les porteurs de projets seront en contact direct avec des startuppers ayant d\u00e9j\u00e0 transform\u00e9 avec succ\u00e8s leur id\u00e9e. L\u2019objectif \u00e9tant d\u2019insuffler des \u00e9nergies positives aux nouveaux entrants \u00e0 travers des retours d\u2019exp\u00e9rience.<\/span><\/p>\n<p class=\"p1\"><span class=\"s1\">Pour l\u2019heure, l\u2019appel \u00e0 candidature de cette 13\u00e8me \u00e9dition a d\u00e9j\u00e0 \u00e9t\u00e9 lanc\u00e9. Les b\u00e9n\u00e9ficiaires de ce programme devront r\u00e9pondre \u00e0 4 conditions.\u00a0<\/span><\/p>\n<p class=\"p1\"><span class=\"s1\">D\u00e9j\u00e0, ils devront porter une id\u00e9e de cr\u00e9ation d\u2019entreprise innovante et r\u00e9alisable \u00e0 court terme au Maroc ou en Afrique, d\u2019une mani\u00e8re g\u00e9n\u00e9rale. Les candidats s\u2019engagent<span class=\"Apple-converted-space\">\u00a0<\/span> \u00e0 assister \u00e0 l\u2019int\u00e9gralit\u00e9 des sessions de formation et de coaching qui auront lieu \u00e0 Paris entre les mois de mai et novembre 2020. Les dossiers de candidature devront \u00eatre envoy\u00e9s avant le 20 avril 2020 par mail \u00e0 l\u2019association Maroc Entrepreneurs.<\/span><\/p>\n<p class=\"p1\"><span class=\"s1\">Les s\u00e9lectionn\u00e9s devront pr\u00e9senter leur id\u00e9e au jury en mai 2020.<\/span><\/p>\n<div class=\"base-box mom_box_sc_custom mom_box_sc clear c6\" readability=\"39\">\n<p class=\"p1\"><span class=\"s1 c5\"><strong>A propos de Maroc Entrepreneurs<\/strong><\/span><\/p>\n<p class=\"p1\">Maroc Entrepreneurs est une association \u00e0 but non lucratif, cr\u00e9\u00e9e en 1999 \u00e0 Paris. Elle a pour vocation de contribuer au d\u00e9veloppement socio-\u00e9conomique du Maroc, \u00e0 travers trois principaux leviers :<\/p>\n<p class=\"p1\">* Faire d\u00e9couvrir l\u2019univers de la cr\u00e9ation d\u2019entreprise et l\u2019actualit\u00e9 socio-\u00e9conomique du Maroc ;<\/p>\n<p class=\"p1\">* Etablir des synergies entre les entreprises bas\u00e9es au Maroc et les comp\u00e9tences marocaines \u00e0 l\u2019\u00e9tranger ;<\/p>\n<p class=\"p1\">* Encourager les Marocains r\u00e9sidant \u00e0 l\u2019\u00e9tranger ou des personnes fortement attach\u00e9es au Maroc \u00e0 cr\u00e9er leurs entreprises par le biais du Concours Tremplin. L\u2019association regroupe aujourd\u2019hui le plus grand r\u00e9seau de cadres sup\u00e9rieurs et d\u2019\u00e9tudiants marocains comptant ainsi 12.000 membres.<\/p>\n<p class=\"p1\">\u2013 Son ambition est de proposer aux entrepreneurs en herbe un cadre propice qui leur permettra de :<\/p>\n<p class=\"p1\">\u2013 passer du stade de l\u2019id\u00e9e \u00e0 la d\u00e9finition d\u2019un business plan concret et complet ;<\/p>\n<p class=\"p1\">\u2013 d\u00e9velopper leurs comp\u00e9tences gr\u00e2ce aux sessions de formation individualis\u00e9es dispens\u00e9es par des experts en cr\u00e9ation d\u2019entreprise ;<\/p>\n<p class=\"p1\">\u2013 \u00e9tendre leur r\u00e9seau, nouer des contacts avec les partenaires investisseurs les soutenant dans le financement de leur entreprise et accro\u00eetre leur visibilit\u00e9. Depuis sa cr\u00e9ation en 2007, Maroc Entrepreneurs a pu accompagner la cr\u00e9ation de plus de 75 projets vers le Maroc et ces derni\u00e8res ann\u00e9es vers l\u2019Afrique.<\/p>\n<\/div>\n<p>Auteur: Dounia Essabban<br \/>\n<a href=\"http:\/\/aujourdhui.ma\/emploi\/entrepreneuriat-la-13eme-edition-de-tremplin-maroc-est-annoncee\">Cliquez ici pour lire l&rsquo;article depuis sa source.<\/a><\/p>\n","protected":false},"excerpt":{"rendered":"<p>L\u2019appel \u00e0 candidature a \u00e9t\u00e9 fix\u00e9 au 20 avril prochain. Les porteurs d\u2019id\u00e9es innovantes b\u00e9n\u00e9ficieront d\u2019un accompagnement privil\u00e9gi\u00e9 pour concr\u00e9tiser leur projet soit au Maroc, soit dans un autre pays d\u2019Afrique. Les d\u00e9tails de cette 13\u00e8me \u00e9dition qui a \u00e9t\u00e9 plac\u00e9e sous un signe plus dynamique gr\u00e2ce \u00e0 une journ\u00e9e \u00abBooster\u00bb permettant aux porteurs de [&hellip;]<\/p>\n","protected":false},"author":1759,"featured_media":0,"comment_status":"closed","ping_status":"closed","sticky":false,"template":"","format":"standard","meta":{"fifu_image_url":"","fifu_image_alt":"","footnotes":""},"categories":[73,54],"tags":[],"class_list":["post-79279","post","type-post","status-publish","format-standard","hentry","category-actualite","category-maroc"],"_links":{"self":[{"href":"https:\/\/linitiative.ca\/International\/wp-json\/wp\/v2\/posts\/79279","targetHints":{"allow":["GET"]}}],"collection":[{"href":"https:\/\/linitiative.ca\/International\/wp-json\/wp\/v2\/posts"}],"about":[{"href":"https:\/\/linitiative.ca\/International\/wp-json\/wp\/v2\/types\/post"}],"author":[{"embeddable":true,"href":"https:\/\/linitiative.ca\/International\/wp-json\/wp\/v2\/users\/1759"}],"replies":[{"embeddable":true,"href":"https:\/\/linitiative.ca\/International\/wp-json\/wp\/v2\/comments?post=79279"}],"version-history":[{"count":0,"href":"https:\/\/linitiative.ca\/International\/wp-json\/wp\/v2\/posts\/79279\/revisions"}],"wp:attachment":[{"href":"https:\/\/linitiative.ca\/International\/wp-json\/wp\/v2\/media?parent=79279"}],"wp:term":[{"taxonomy":"category","embeddable":true,"href":"https:\/\/linitiative.ca\/International\/wp-json\/wp\/v2\/categories?post=79279"},{"taxonomy":"post_tag","embeddable":true,"href":"https:\/\/linitiative.ca\/International\/wp-json\/wp\/v2\/tags?post=79279"}],"curies":[{"name":"wp","href":"https:\/\/api.w.org\/{rel}","templated":true}]}}