{"id":79280,"date":"2020-03-17T06:43:00","date_gmt":"2020-03-17T10:43:00","guid":{"rendered":"https:\/\/linitiative.ca\/International\/le-pps-appelle-a-faire-face-a-la-situation-exceptionnelle-avec-serieux-et-responsabilite\/"},"modified":"2020-03-17T06:43:00","modified_gmt":"2020-03-17T10:43:00","slug":"le-pps-appelle-a-faire-face-a-la-situation-exceptionnelle-avec-serieux-et-responsabilite","status":"publish","type":"post","link":"https:\/\/linitiative.ca\/International\/le-pps-appelle-a-faire-face-a-la-situation-exceptionnelle-avec-serieux-et-responsabilite\/","title":{"rendered":"Le PPS appelle \u00e0 faire face \u00e0 la situation exceptionnelle avec s\u00e9rieux et responsabilit\u00e9"},"content":{"rendered":"<div>\n<p style=\"text-align:center\" class=\"has-text-color has-background has-vivid-red-color has-pale-cyan-blue-background-color\"><strong>Dans une circulaire interne sur la propagation de l&rsquo;&eacute;pid&eacute;mie du Covid-19<\/strong><\/p>\n<p class=\"has-text-color has-background has-vivid-red-color has-pale-cyan-blue-background-color\"><strong>Le Bureau politique du Parti du progr&egrave;s et du socialisme a rendu publique, dimanche 15 mars 2019, une circulaire interne, adress&eacute;e aux structures locales, provinciales et r&eacute;gionales ainsi qu&rsquo;aux organisations parall&egrave;les du Parti, et donc &agrave; l&rsquo;ensemble des militantes et militants. En voici la traduction.<\/strong><\/p>\n<p>En liaison avec la situation exceptionnelle que vit notre<br \/>\npays face &agrave; la pand&eacute;mie mondiale du nouveau virus Corona, le Bureau politique<br \/>\ndu Parti du progr&egrave;s et du socialisme, lance cet appel, &agrave; l&rsquo;ensemble des<br \/>\nmilitantes et militants du Parti, &agrave; tous ses responsables aux niveaux national,<br \/>\nr&eacute;gional et local, pour exhorter tout un chacun &agrave; faire face &agrave; cette situation<br \/>\nexceptionnelle avec tout le s&eacute;rieux et toute la responsabilit&eacute; requis.<\/p>\n<p>Le Bureau politique leur demande, tous, de s&rsquo;efforcer, dans<br \/>\nun esprit de solidarit&eacute;, d&rsquo;entreprendre des actions de sensibilisation et de<br \/>\nconscientisation des citoyennes et des citoyens sur la n&eacute;cessit&eacute; de respecter<br \/>\nles mesures pr&eacute;ventives pour juguler la propagation de ce virus.<\/p>\n<p>Cela concerne, en particulier, la n&eacute;cessit&eacute; de respecter<br \/>\nl&rsquo;hygi&egrave;ne, d&rsquo;&eacute;viter les rassemblements, notamment ceux en grand nombre. Il<br \/>\ns&rsquo;agit &eacute;galement d&rsquo;&eacute;viter de contribuer&nbsp;<br \/>\n&agrave; tout ce qui peut semer la panique, notamment en veillant &agrave;<br \/>\ns&rsquo;approvisionner, de mani&egrave;re normale, en ^produits alimentaires. A cela il<br \/>\nfaudra ajouter la n&eacute;cessit&eacute; de s&rsquo;armer de plus de vigilance et de rapidit&eacute;, en<br \/>\nmati&egrave;re de traitement des cas o&ugrave; des sympt&ocirc;mes du virus peuvent appara&icirc;tre,<br \/>\ncomme annonc&eacute; par le minist&egrave;re Sant&eacute;, et de fournir toute l&rsquo;assistance possible<br \/>\ndans de tels cas.<\/p>\n<p>Dans le m&ecirc;me sens, le Bureau politique du PPS appelle tous<br \/>\nles camarades cadres, sp&eacute;cialistes et experts, m&eacute;decins, pharmaciens,<br \/>\ninfirmiers et autres professions m&eacute;dicales, &agrave; &ecirc;tre au service des citoyennes et<br \/>\ndes citoyens afin de contribuer aux efforts d&eacute;ploy&eacute;s par les diff&eacute;rentes<br \/>\nautorit&eacute;s publiques concern&eacute;es pour faire de sorte que notre pays d&eacute;passe, sans<br \/>\nd&eacute;g&acirc;ts, cette situation exceptionnelle.<\/p>\n<p>En ce qui concerne les impacts de cette situation sur la vie<br \/>\ndu Parti et sur les activit&eacute;s de ses divers organes, organisations et secteurs<br \/>\nparall&egrave;les, le Bureau politique appelle &agrave; s&rsquo;abstenir d&rsquo;organiser des activit&eacute;s<br \/>\nde masse, susceptibles de conna&icirc;tre des entrecroisements et des m&eacute;langes de<br \/>\nfoules et auxquelles peuvent assister un grand nombre de militants et de<br \/>\ncitoyens.<\/p>\n<p>En lieu et place de ces r&eacute;unions, il est demand&eacute; de recourir<br \/>\n&agrave; diverses moyens et solutions que les techniques de communication num&eacute;rique et<br \/>\nles r&eacute;seaux sociaux procurent. Le P&ocirc;le Communication du Parti diffusera une<br \/>\nnote interne &agrave; ce sujet pour mettre des solutions technologiques de<br \/>\ncommunication &agrave; port&eacute;e de mains des camarades, dont notamment des applications<br \/>\npr&ecirc;tes &agrave; l&rsquo;emploi.<\/p>\n<p>Cependant, les organes de direction du Parti et des<br \/>\norganisations parall&egrave;les, aux niveaux local, provincial et r&eacute;gional pourront<br \/>\npoursuivre leurs r&eacute;unions internes, &agrave; condition que toutes les pr&eacute;cautions<br \/>\nn&eacute;cessaires soient strictement observ&eacute;es.<\/p>\n<p>L&rsquo;article <a rel=\"nofollow\" href=\"http:\/\/albayane.press.ma\/le-pps-appelle-a-faire-face-a-la-situation-exceptionnelle-avec-serieux-et-responsabilite.html\">Le PPS appelle &agrave; faire face &agrave; la situation exceptionnelle avec s&eacute;rieux et responsabilit&eacute;<\/a> est apparu en premier sur <a rel=\"nofollow\" href=\"http:\/\/albayane.press.ma\/\">ALBAYANE<\/a>.<\/p>\n<\/div>\n<p>Auteur: M&rsquo;hammed rahal<br \/>\n<a href=\"http:\/\/albayane.press.ma\/le-pps-appelle-a-faire-face-a-la-situation-exceptionnelle-avec-serieux-et-responsabilite.html\">Cliquez ici pour lire l&rsquo;article depuis sa source.<\/a><\/p>\n","protected":false},"excerpt":{"rendered":"<p>Dans une circulaire interne sur la propagation de l&rsquo;&eacute;pid&eacute;mie du Covid-19 Le Bureau politique du Parti du progr&egrave;s et du socialisme a rendu publique, dimanche 15 mars 2019, une circulaire interne, adress&eacute;e aux structures locales, provinciales et r&eacute;gionales ainsi qu&rsquo;aux organisations parall&egrave;les du Parti, et donc &agrave; l&rsquo;ensemble des militantes et militants. En voici la [&hellip;]<\/p>\n","protected":false},"author":1760,"featured_media":0,"comment_status":"closed","ping_status":"closed","sticky":false,"template":"","format":"standard","meta":{"fifu_image_url":"","fifu_image_alt":"","footnotes":""},"categories":[73,54],"tags":[],"class_list":["post-79280","post","type-post","status-publish","format-standard","hentry","category-actualite","category-maroc"],"_links":{"self":[{"href":"https:\/\/linitiative.ca\/International\/wp-json\/wp\/v2\/posts\/79280","targetHints":{"allow":["GET"]}}],"collection":[{"href":"https:\/\/linitiative.ca\/International\/wp-json\/wp\/v2\/posts"}],"about":[{"href":"https:\/\/linitiative.ca\/International\/wp-json\/wp\/v2\/types\/post"}],"author":[{"embeddable":true,"href":"https:\/\/linitiative.ca\/International\/wp-json\/wp\/v2\/users\/1760"}],"replies":[{"embeddable":true,"href":"https:\/\/linitiative.ca\/International\/wp-json\/wp\/v2\/comments?post=79280"}],"version-history":[{"count":0,"href":"https:\/\/linitiative.ca\/International\/wp-json\/wp\/v2\/posts\/79280\/revisions"}],"wp:attachment":[{"href":"https:\/\/linitiative.ca\/International\/wp-json\/wp\/v2\/media?parent=79280"}],"wp:term":[{"taxonomy":"category","embeddable":true,"href":"https:\/\/linitiative.ca\/International\/wp-json\/wp\/v2\/categories?post=79280"},{"taxonomy":"post_tag","embeddable":true,"href":"https:\/\/linitiative.ca\/International\/wp-json\/wp\/v2\/tags?post=79280"}],"curies":[{"name":"wp","href":"https:\/\/api.w.org\/{rel}","templated":true}]}}