{"id":79285,"date":"2020-03-17T06:01:20","date_gmt":"2020-03-17T10:01:20","guid":{"rendered":"https:\/\/linitiative.ca\/International\/coronavirus-stade-3-le-traitement-a-la-chloroquine-efficace-selon-le-professeur-raoult-de-lihu-de-marseille\/"},"modified":"2020-03-17T06:01:20","modified_gmt":"2020-03-17T10:01:20","slug":"coronavirus-stade-3-le-traitement-a-la-chloroquine-efficace-selon-le-professeur-raoult-de-lihu-de-marseille","status":"publish","type":"post","link":"https:\/\/linitiative.ca\/International\/coronavirus-stade-3-le-traitement-a-la-chloroquine-efficace-selon-le-professeur-raoult-de-lihu-de-marseille\/","title":{"rendered":"Coronavirus stade 3 : le traitement \u00e0 la chloroquine efficace, selon le professeur Raoult de l\u2019IHU de Marseille"},"content":{"rendered":"<p>Dans une vid\u00e9o publi\u00e9e ce lundi 16 mars, le professeur Raoult de l\u2019Institut hospitalo-universitaire (IHU) M\u00e9diterran\u00e9e infection, centre de r\u00e9f\u00e9rence pour le nouveau coronavirus covid-19, annonce que les premiers patients trait\u00e9s \u00e0 la chloroquine sont en voie de gu\u00e9rison en seulement six jours.<\/p>\n<p>lors que la France fait face \u00e0 une mont\u00e9e en puissance des mesures de confinement pour \u00e9chapper \u00e0 la propagation du coronavirus Covid-19, un espoir de traitement m\u00e9dical \u200b\u200b\u200b\u200b\u200bse profile.<\/p>\n<p>Le professeur Raoult a annonc\u00e9 lundi 16 mars que les premiers cas trait\u00e9s \u00e0 l\u2019IHU, centre de r\u00e9f\u00e9rence pour le covid-19, avec la chloroquine sont en voie de gu\u00e9rison.<\/p>\n<p>Le traitement a \u00e9t\u00e9 propos\u00e9 \u00e0 24 patients, parmi les premiers contamin\u00e9s dans le sud-est de la France, admis \u00e0 l\u2019IHU sur la base du volontariat.<\/p>\n<p>Comme \u00e0 son habitude, le professeur Didier Raoult, directeur de l\u2019IHU \u00e0 Marseille, a mis en ligne les conclusions de son essai, dans une vid\u00e9o.<\/p>\n<p>\u00ab Nous avons inclu dans ce traitement les gens qui \u00e9taient d\u2019accord, ils l\u2019\u00e9taient quasiment tous. Deux villes sans le protocle, Nice et Avignon nous ont fourni des patients qui n\u2019ont pas re\u00e7u le traitement \u00bb, explique l\u2019\u00e9pid\u00e9miologiste.<\/p>\n<p>\u00ab On a pu constater que les patients qui n\u2019avaient pas re\u00e7u de Plaquenil (hydroxychloroquine, ndlr) \u00e9taient toujours porteurs au bout de six jours, alors que quand vous mettez du Plaquenil, au bout de six jours, il n\u2019y a plus que 25% deporteurs \u00bb.<\/p>\n<p>Le professeur Raoult avait obtenu l\u2019accord des autorit\u00e9s sanitaires pour tester un traitement \u00e0 la chloroquine sur les patients \u00e0 l\u2019IHU, le 9 mars dernier.<\/p>\n<p>La chloroquine est un m\u00e9dicament couramment utilis\u00e9 contre le paludisme et peu on\u00e9reux, dont le directeur de l\u2019Institut M\u00e9diterran\u00e9e Infection avait vant\u00e9 les vertus, \u00e0 la fin du mois de f\u00e9vrier, sur les bases d\u2019une \u00e9tude chinoise.<\/p>\n<p>Ce traitement utilise un dosage pr\u00e9cis : \u00ab 600mg par jour pendant dix jours \u00bb, d\u00e9taille le professeur dans son intervention.<\/p>\n<p>L\u2019usage de cette\u00a0mol\u00e9cule est fortement d\u00e9cri\u00e9e en raison\u00a0des interactions m\u00e9dicamenteuses et des probl\u00e8mes d\u2019effets secondaires, notamment sur les patients en r\u00e9animation.<\/p>\n<h2>Mesures de confinement renforc\u00e9es<\/h2>\n<p>Dans une allocution tel\u00e9vis\u00e9e lundi soir, Emmanuel Macron a annonc\u00e9 des\u00a0<a href=\"https:\/\/france3-regions.francetvinfo.fr\/provence-alpes-cote-d-azur\/coronavirus-stade-3-epidemie-s-aggrave-emmanuel-macron-annonce-nouvelles-mesures-confinement-1801318.html\">mesures de confinement renforc\u00e9es<\/a>.<\/p>\n<p>Les d\u00e9placements seront fortement r\u00e9duits d\u00e8s mardi midi pour une dur\u00e9e de 15 jours au moins, pour des trajets strictements n\u00e9cessaires. \u00ab Toute infraction sur ces nouvelles r\u00e9gles sera sanctionn\u00e9e \u00bb.<\/p>\n<p>Le chef de l\u2019Etat a \u00e9galement annonc\u00e9 le report du second tour des \u00e9lections municipales et la fermeture des fronti\u00e8res de l\u2019espace Schengen pour 30 jours, \u00ab en coordination avec les Europ\u00e9ens \u00bb.<\/p>\n<p>Les contaminations au nouveau coronavirus ont marqu\u00e9 une\u00a0<a href=\"https:\/\/france3-regions.francetvinfo.fr\/provence-alpes-cote-d-azur\/carte-se-trouvent-cas-confirmes-coronavirus-provence-alpes-cote-azur-1796747.html\">nouvelle progression<\/a>\u00a0de 1.210 cas et 21 d\u00e9c\u00e8s en 24 heures, portant le bilan officiel respectivement \u00e0 148 d\u00e9c\u00e8s et 6.633 cas depuis le d\u00e9but de l\u2019\u00e9pid\u00e9mie en France, a annonc\u00e9 lundi le site officiel Sant\u00e9 publique France.<\/p>\n<div class=\"wp-post-author-wrap wp-post-author-shortcode left\">\n<h3 class=\"awpa-title\"\/>\n<div class=\"wp-post-author\">\n<div class=\"awpa-img awpa-author-block square\"><a href=\"http:\/\/lexpertjournal.net\/fr\/?author=5\"><img loading=\"lazy\" decoding=\"async\" alt=\"\" src=\"http:\/\/0.gravatar.com\/avatar\/97f8e10a1c1125ba104a76514ee07b16?s=150&amp;d=mm&amp;r=g\" srcset=\"http:\/\/0.gravatar.com\/avatar\/97f8e10a1c1125ba104a76514ee07b16?s=300&amp;d=mm&amp;r=g 2x\" class=\"avatar avatar-150 photo\" height=\"150\" width=\"150\"\/><\/a><\/div>\n<\/div>\n<\/div>\n<aside class=\"mashsb-container mashsb-main mashsb-stretched\">\n<\/aside>\n<p>Auteur: L&rsquo;expert<br \/>\n<a href=\"http:\/\/lexpertjournal.net\/fr\/?p=13047\">Cliquez ici pour lire l&rsquo;article depuis sa source.<\/a><\/p>\n","protected":false},"excerpt":{"rendered":"<p>Dans une vid\u00e9o publi\u00e9e ce lundi 16 mars, le professeur Raoult de l\u2019Institut hospitalo-universitaire (IHU) M\u00e9diterran\u00e9e infection, centre de r\u00e9f\u00e9rence pour le nouveau coronavirus covid-19, annonce que les premiers patients trait\u00e9s \u00e0 la chloroquine sont en voie de gu\u00e9rison en seulement six jours. lors que la France fait face \u00e0 une mont\u00e9e en puissance des [&hellip;]<\/p>\n","protected":false},"author":1775,"featured_media":0,"comment_status":"closed","ping_status":"closed","sticky":false,"template":"","format":"standard","meta":{"fifu_image_url":"","fifu_image_alt":"","footnotes":""},"categories":[78,55],"tags":[],"class_list":["post-79285","post","type-post","status-publish","format-standard","hentry","category-economie","category-tunisie"],"_links":{"self":[{"href":"https:\/\/linitiative.ca\/International\/wp-json\/wp\/v2\/posts\/79285","targetHints":{"allow":["GET"]}}],"collection":[{"href":"https:\/\/linitiative.ca\/International\/wp-json\/wp\/v2\/posts"}],"about":[{"href":"https:\/\/linitiative.ca\/International\/wp-json\/wp\/v2\/types\/post"}],"author":[{"embeddable":true,"href":"https:\/\/linitiative.ca\/International\/wp-json\/wp\/v2\/users\/1775"}],"replies":[{"embeddable":true,"href":"https:\/\/linitiative.ca\/International\/wp-json\/wp\/v2\/comments?post=79285"}],"version-history":[{"count":0,"href":"https:\/\/linitiative.ca\/International\/wp-json\/wp\/v2\/posts\/79285\/revisions"}],"wp:attachment":[{"href":"https:\/\/linitiative.ca\/International\/wp-json\/wp\/v2\/media?parent=79285"}],"wp:term":[{"taxonomy":"category","embeddable":true,"href":"https:\/\/linitiative.ca\/International\/wp-json\/wp\/v2\/categories?post=79285"},{"taxonomy":"post_tag","embeddable":true,"href":"https:\/\/linitiative.ca\/International\/wp-json\/wp\/v2\/tags?post=79285"}],"curies":[{"name":"wp","href":"https:\/\/api.w.org\/{rel}","templated":true}]}}