{"id":79289,"date":"2020-03-17T11:58:00","date_gmt":"2020-03-17T15:58:00","guid":{"rendered":"https:\/\/linitiative.ca\/International\/un-premier-cas-enregistre-a-bejaia\/"},"modified":"2020-03-17T11:58:00","modified_gmt":"2020-03-17T15:58:00","slug":"un-premier-cas-enregistre-a-bejaia","status":"publish","type":"post","link":"https:\/\/linitiative.ca\/International\/un-premier-cas-enregistre-a-bejaia\/","title":{"rendered":"Un premier cas enregistr\u00e9 \u00e0 B\u00e9ja\u00efa"},"content":{"rendered":"<div id=\"originalText\" readability=\"61\">\n<p>Le service des maladies infectieuses du CHU de B\u00e9ja\u00efa, en sa qualit\u00e9 du Centre de r\u00e9f\u00e9rence pour lutter contre le\u00a0Covid-19, vient d&rsquo;enregistrer, ce mardi, le premier cas de Coronavirus dans la wilaya de B\u00e9ja\u00efa, et ce, \u00ab\u00a0apr\u00e8s avoir achemin\u00e9 des \u00e9chantillons qui lui ont \u00e9t\u00e9 pr\u00e9lev\u00e9s le 15 Mars 2020 vers l&rsquo;Institut Pasteur d&rsquo;Alger\u00a0\u00bb, selon un communiqu\u00e9 du bureau de l\u2019information et de la communication du CHU de B\u00e9ja\u00efa.<\/p>\n<p>Il s\u2019agit d\u2019\u00ab\u00a0un homme A.B, \u00e2g\u00e9 de 36 ans, habitant dans la ville de B\u00e9ja\u00efa, qui f\u00fbt en contact avec le cas de l&rsquo;\u00e9migr\u00e9 de Seddouk, atteint lui aussi du virus apr\u00e8s son retour en France en d\u00e9but de ce mois\u00a0\u00bb, a pr\u00e9cis\u00e9, par ailleus, le directeur de la sant\u00e9 et de la population de la wilaya de B\u00e9ja\u00efa dans une d\u00e9claration \u00e0 la radio Soummam.<\/p>\n<p>\u00c0 cet effet, le CHU de\u00a0B\u00e9ja\u00efa appelle la population \u00e0 \u00ab\u00a0la vigilance et au respect des recommandations du minist\u00e8re de la Sant\u00e9 sur les mesures pr\u00e9ventives\u00a0\u00bb et invite \u00ab\u00a0l&rsquo;ensemble des citoyens de ne pas se pr\u00e9senter aux structures du CHU sauf pour des n\u00e9cessit\u00e9s m\u00e9dicales absolues, afin d&rsquo;\u00e9viter la propagation et la diffusion de ce virus\u00a0\u00bb.<\/p>\n<p class=\"c6\"><strong>Sihem Benmalek<\/strong><\/p>\n<\/div>\n<div id=\"text_core\" readability=\"61\">\n<p>Le service des maladies infectieuses du CHU de B\u00e9ja\u00efa, en sa qualit\u00e9 du Centre de r\u00e9f\u00e9rence pour lutter contre le\u00a0Covid-19, vient d&rsquo;enregistrer, ce mardi, le premier cas de Coronavirus dans la wilaya de B\u00e9ja\u00efa, et ce, \u00ab\u00a0apr\u00e8s avoir achemin\u00e9 des \u00e9chantillons qui lui ont \u00e9t\u00e9 pr\u00e9lev\u00e9s le 15 Mars 2020 vers l&rsquo;Institut Pasteur d&rsquo;Alger\u00a0\u00bb, selon un communiqu\u00e9 du bureau de l\u2019information et de la communication du CHU de B\u00e9ja\u00efa.<\/p>\n<p>Il s\u2019agit d\u2019\u00ab\u00a0un homme A.B, \u00e2g\u00e9 de 36 ans, habitant dans la ville de B\u00e9ja\u00efa, qui f\u00fbt en contact avec le cas de l&rsquo;\u00e9migr\u00e9 de Seddouk, atteint lui aussi du virus apr\u00e8s son retour en France en d\u00e9but de ce mois\u00a0\u00bb, a pr\u00e9cis\u00e9, par ailleus, le directeur de la sant\u00e9 et de la population de la wilaya de B\u00e9ja\u00efa dans une d\u00e9claration \u00e0 la radio Soummam.<\/p>\n<p>\u00c0 cet effet, le CHU de\u00a0B\u00e9ja\u00efa appelle la population \u00e0 \u00ab\u00a0la vigilance et au respect des recommandations du minist\u00e8re de la Sant\u00e9 sur les mesures pr\u00e9ventives\u00a0\u00bb et invite \u00ab\u00a0l&rsquo;ensemble des citoyens de ne pas se pr\u00e9senter aux structures du CHU sauf pour des n\u00e9cessit\u00e9s m\u00e9dicales absolues, afin d&rsquo;\u00e9viter la propagation et la diffusion de ce virus\u00a0\u00bb.<\/p>\n<p class=\"c6\"><strong>Sihem Benmalek<\/strong><\/p>\n<\/div>\n<p>Auteur:<br \/>\n<a href=\"https:\/\/www.liberte-algerie.com\/a-la-une\/un-premier-cas-enregistre-a-bejaia-336071\">Cliquez ici pour lire l&rsquo;article depuis sa source.<\/a><\/p>\n","protected":false},"excerpt":{"rendered":"<p>Le service des maladies infectieuses du CHU de B\u00e9ja\u00efa, en sa qualit\u00e9 du Centre de r\u00e9f\u00e9rence pour lutter contre le\u00a0Covid-19, vient d&rsquo;enregistrer, ce mardi, le premier cas de Coronavirus dans la wilaya de B\u00e9ja\u00efa, et ce, \u00ab\u00a0apr\u00e8s avoir achemin\u00e9 des \u00e9chantillons qui lui ont \u00e9t\u00e9 pr\u00e9lev\u00e9s le 15 Mars 2020 vers l&rsquo;Institut Pasteur d&rsquo;Alger\u00a0\u00bb, selon [&hellip;]<\/p>\n","protected":false},"author":1742,"featured_media":0,"comment_status":"closed","ping_status":"closed","sticky":false,"template":"","format":"standard","meta":{"fifu_image_url":"","fifu_image_alt":"","footnotes":""},"categories":[73,53],"tags":[],"class_list":["post-79289","post","type-post","status-publish","format-standard","hentry","category-actualite","category-algerie"],"_links":{"self":[{"href":"https:\/\/linitiative.ca\/International\/wp-json\/wp\/v2\/posts\/79289","targetHints":{"allow":["GET"]}}],"collection":[{"href":"https:\/\/linitiative.ca\/International\/wp-json\/wp\/v2\/posts"}],"about":[{"href":"https:\/\/linitiative.ca\/International\/wp-json\/wp\/v2\/types\/post"}],"author":[{"embeddable":true,"href":"https:\/\/linitiative.ca\/International\/wp-json\/wp\/v2\/users\/1742"}],"replies":[{"embeddable":true,"href":"https:\/\/linitiative.ca\/International\/wp-json\/wp\/v2\/comments?post=79289"}],"version-history":[{"count":0,"href":"https:\/\/linitiative.ca\/International\/wp-json\/wp\/v2\/posts\/79289\/revisions"}],"wp:attachment":[{"href":"https:\/\/linitiative.ca\/International\/wp-json\/wp\/v2\/media?parent=79289"}],"wp:term":[{"taxonomy":"category","embeddable":true,"href":"https:\/\/linitiative.ca\/International\/wp-json\/wp\/v2\/categories?post=79289"},{"taxonomy":"post_tag","embeddable":true,"href":"https:\/\/linitiative.ca\/International\/wp-json\/wp\/v2\/tags?post=79289"}],"curies":[{"name":"wp","href":"https:\/\/api.w.org\/{rel}","templated":true}]}}