{"id":79291,"date":"2020-03-17T11:03:08","date_gmt":"2020-03-17T15:03:08","guid":{"rendered":"https:\/\/linitiative.ca\/International\/les-pharmacies-opereront-de-maniere-habituelle-et-sans-changements\/"},"modified":"2020-03-17T11:03:08","modified_gmt":"2020-03-17T15:03:08","slug":"les-pharmacies-opereront-de-maniere-habituelle-et-sans-changements","status":"publish","type":"post","link":"https:\/\/linitiative.ca\/International\/les-pharmacies-opereront-de-maniere-habituelle-et-sans-changements\/","title":{"rendered":"Les pharmacies op\u00e9reront de mani\u00e8re habituelle et sans changements"},"content":{"rendered":"<div class=\"single-featured\"><img alt=\"\" data-src=\"http:\/\/www.mapmarrakech.ma\/map\/uploads\/2020\/03\/Pharmacie-EPA.jpg\"\/><\/div>\n<div class=\"single-post-excerpt post-excerpt-bc\" readability=\"40\">\n<p>Rabat \u2013 L\u2019ensemble des pharmacies au niveau national op\u00e9reront, de mani\u00e8re habituelle, respecteront les horaires de travail officiels et assureront les gardes de permanence sans aucuns changements en termes des prestations offertes, a annonc\u00e9, mardi, la Conf\u00e9d\u00e9ration des syndicats des pharmaciens du Maroc (CSPS).<\/p>\n<\/div>\n<div class=\"entry-content clearfix single-post-content\" readability=\"53\">\n<p>Toutes les mesures pr\u00e9ventives adopt\u00e9es par le gouvernement marocain concernant les diff\u00e9rentes institutions en lien avec la situation \u00e9pid\u00e9miologique du coronavirus, ne concernent pas les pharmacies, qui sont des services publics et une pierre angulaire du syst\u00e8me sanitaire du Royaume, pr\u00e9cise un communiqu\u00e9 de la CSPM, soulignant la n\u00e9cessit\u00e9 de poursuivre les services pharmaceutiques en cas d\u2019\u00e9pid\u00e9mies.<\/p>\n<p>La conf\u00e9d\u00e9ration, ajoute la m\u00eame source, appelle les citoyens \u00e0 s\u2019approvisionner aupr\u00e8s des pharmacies selon leurs besoins habituels, sans besoin de stocker les m\u00e9dicaments, et met en garde contre la d\u00e9gradation de certains m\u00e9dicaments en raison de cette pratique qui pourrait toucher la s\u00e9curit\u00e9 des utilisateurs.<\/p>\n<p>La CSPM appelle les citoyens \u00e0 interagir de la mani\u00e8re souhait\u00e9e pour que les pharmacies puissent maintenir la qualit\u00e9 des prestations offertes \u00e0 l\u2019ensemble des citoyens, conclut le communiqu\u00e9.<\/p>\n<\/div>\n<p>Auteur: Meriem IGASS<br \/>\n<a href=\"http:\/\/www.mapmarrakech.ma\/fr\/les-pharmacies-opereront-de-maniere-habituelle-et-sans-changements\/\">Cliquez ici pour lire l&rsquo;article depuis sa source.<\/a><\/p>\n","protected":false},"excerpt":{"rendered":"<p>Rabat \u2013 L\u2019ensemble des pharmacies au niveau national op\u00e9reront, de mani\u00e8re habituelle, respecteront les horaires de travail officiels et assureront les gardes de permanence sans aucuns changements en termes des prestations offertes, a annonc\u00e9, mardi, la Conf\u00e9d\u00e9ration des syndicats des pharmaciens du Maroc (CSPS). Toutes les mesures pr\u00e9ventives adopt\u00e9es par le gouvernement marocain concernant les [&hellip;]<\/p>\n","protected":false},"author":1788,"featured_media":79292,"comment_status":"closed","ping_status":"closed","sticky":false,"template":"","format":"standard","meta":{"fifu_image_url":"","fifu_image_alt":"","footnotes":""},"categories":[54,76],"tags":[],"class_list":["post-79291","post","type-post","status-publish","format-standard","has-post-thumbnail","hentry","category-maroc","category-regions"],"_links":{"self":[{"href":"https:\/\/linitiative.ca\/International\/wp-json\/wp\/v2\/posts\/79291","targetHints":{"allow":["GET"]}}],"collection":[{"href":"https:\/\/linitiative.ca\/International\/wp-json\/wp\/v2\/posts"}],"about":[{"href":"https:\/\/linitiative.ca\/International\/wp-json\/wp\/v2\/types\/post"}],"author":[{"embeddable":true,"href":"https:\/\/linitiative.ca\/International\/wp-json\/wp\/v2\/users\/1788"}],"replies":[{"embeddable":true,"href":"https:\/\/linitiative.ca\/International\/wp-json\/wp\/v2\/comments?post=79291"}],"version-history":[{"count":0,"href":"https:\/\/linitiative.ca\/International\/wp-json\/wp\/v2\/posts\/79291\/revisions"}],"wp:featuredmedia":[{"embeddable":true,"href":"https:\/\/linitiative.ca\/International\/wp-json\/"}],"wp:attachment":[{"href":"https:\/\/linitiative.ca\/International\/wp-json\/wp\/v2\/media?parent=79291"}],"wp:term":[{"taxonomy":"category","embeddable":true,"href":"https:\/\/linitiative.ca\/International\/wp-json\/wp\/v2\/categories?post=79291"},{"taxonomy":"post_tag","embeddable":true,"href":"https:\/\/linitiative.ca\/International\/wp-json\/wp\/v2\/tags?post=79291"}],"curies":[{"name":"wp","href":"https:\/\/api.w.org\/{rel}","templated":true}]}}